{"id":14441,"date":"2024-05-21T08:00:00","date_gmt":"2024-05-21T08:00:00","guid":{"rendered":"http:\/\/przedszkole8.pl\/?p=14441"},"modified":"2024-05-21T08:00:00","modified_gmt":"2024-05-21T08:00:00","slug":"spartakiada-z-okazji-dnia-dziecka","status":"publish","type":"post","link":"https:\/\/przedszkole8.pl\/?p=14441","title":{"rendered":"Spartakiada z okazji Dnia Dziecka"},"content":{"rendered":"<p>Dnia 04.06.2024 r. (tj. we wtorek) w godzinach 16:00 &#8211; 18:00 w naszym ogrodzie przedszkolnym odb\u0119dzie si\u0119 festyn integracyjny po\u0142\u0105czony ze spartakiad\u0105 dla dzieci i rodzic\u00f3w. Serdecznie zapraszamy do wsp\u00f3lnej zabawy.<\/p>\n","protected":false},"excerpt":{"rendered":"<p>Dnia 04.06.2024 r. (tj. we wtorek) w godzinach 16:00 &#8211; 18:00 w naszym ogrodzie przedszkolnym odb\u0119dzie si\u0119 festyn integracyjny po\u0142\u0105czony ze spartakiad\u0105 dla dzieci i rodzic\u00f3w. Serdecznie zapraszamy do wsp\u00f3lnej zabawy.<\/p>\n","protected":false},"author":1,"featured_media":0,"comment_status":"closed","ping_status":"closed","sticky":false,"template":"","format":"standard","meta":{"jetpack_post_was_ever_published":false,"_jetpack_newsletter_access":"","_jetpack_dont_email_post_to_subs":false,"_jetpack_newsletter_tier_id":0,"_jetpack_memberships_contains_paywalled_content":false,"_jetpack_memberships_contains_paid_content":false,"footnotes":"","jetpack_publicize_message":"","jetpack_publicize_feature_enabled":true,"jetpack_social_post_already_shared":true,"jetpack_social_options":{"image_generator_settings":{"template":"highway","default_image_id":0,"font":"","enabled":false},"version":2}},"categories":[16],"tags":[],"class_list":["post-14441","post","type-post","status-publish","format-standard","hentry","category-nowosci"],"jetpack_publicize_connections":[],"jetpack_featured_media_url":"","jetpack_sharing_enabled":true,"jetpack_shortlink":"https:\/\/wp.me\/p7NQjT-3KV","jetpack-related-posts":[],"_links":{"self":[{"href":"https:\/\/przedszkole8.pl\/index.php?rest_route=\/wp\/v2\/posts\/14441","targetHints":{"allow":["GET"]}}],"collection":[{"href":"https:\/\/przedszkole8.pl\/index.php?rest_route=\/wp\/v2\/posts"}],"about":[{"href":"https:\/\/przedszkole8.pl\/index.php?rest_route=\/wp\/v2\/types\/post"}],"author":[{"embeddable":true,"href":"https:\/\/przedszkole8.pl\/index.php?rest_route=\/wp\/v2\/users\/1"}],"replies":[{"embeddable":true,"href":"https:\/\/przedszkole8.pl\/index.php?rest_route=%2Fwp%2Fv2%2Fcomments&post=14441"}],"version-history":[{"count":1,"href":"https:\/\/przedszkole8.pl\/index.php?rest_route=\/wp\/v2\/posts\/14441\/revisions"}],"predecessor-version":[{"id":14442,"href":"https:\/\/przedszkole8.pl\/index.php?rest_route=\/wp\/v2\/posts\/14441\/revisions\/14442"}],"wp:attachment":[{"href":"https:\/\/przedszkole8.pl\/index.php?rest_route=%2Fwp%2Fv2%2Fmedia&parent=14441"}],"wp:term":[{"taxonomy":"category","embeddable":true,"href":"https:\/\/przedszkole8.pl\/index.php?rest_route=%2Fwp%2Fv2%2Fcategories&post=14441"},{"taxonomy":"post_tag","embeddable":true,"href":"https:\/\/przedszkole8.pl\/index.php?rest_route=%2Fwp%2Fv2%2Ftags&post=14441"}],"curies":[{"name":"wp","href":"https:\/\/api.w.org\/{rel}","templated":true}]}}