{"id":14439,"date":"2024-05-21T07:58:28","date_gmt":"2024-05-21T07:58:28","guid":{"rendered":"http:\/\/przedszkole8.pl\/?p=14439"},"modified":"2024-05-21T07:58:28","modified_gmt":"2024-05-21T07:58:28","slug":"przedszkolny-mecz","status":"publish","type":"post","link":"https:\/\/przedszkole8.pl\/?p=14439","title":{"rendered":"Przedszkolny mecz"},"content":{"rendered":"<p>Dnia 28.05.2024 r. (tj. we wtorek) odb\u0119dzie si\u0119 w naszym przedszkolu mecz pi\u0142ki no\u017cnej s\u0119dziowany przez profesjonalnego s\u0119dziego pi\u0142karskiego &#8211; tat\u0119 Mai z grupy III. B\u0119dzie to rywalizacja dw\u00f3ch dru\u017cyn, w ka\u017cdej b\u0119dzie po dw\u00f3ch przedstawicieli grup: III, IV i V.<br \/>\nBardzo prosimy, aby tego dnia dzieci z poszczeg\u00f3lnych grup ubrane by\u0142y w nast\u0119puj\u0105ce kolory (lub mia\u0142y elementy garderoby w danym kolorze):<br \/>\nGRUPA I: <strong>niebieski<\/strong><br \/>\nGRUPA II: <strong>zielony<\/strong><br \/>\nGRUPA III: <strong>czerwony<\/strong><br \/>\nGRUPA IV: <strong>\u017c\u00f3\u0142ty<\/strong><br \/>\nGRUPA V: <strong>pomara\u0144czowy<\/strong><\/p>\n","protected":false},"excerpt":{"rendered":"<p>Dnia 28.05.2024 r. (tj. we wtorek) odb\u0119dzie si\u0119 w naszym przedszkolu mecz pi\u0142ki no\u017cnej s\u0119dziowany przez profesjonalnego s\u0119dziego pi\u0142karskiego &#8211; tat\u0119 Mai z grupy III. B\u0119dzie to rywalizacja dw\u00f3ch dru\u017cyn, w ka\u017cdej b\u0119dzie po dw\u00f3ch przedstawicieli grup: III, IV i V. Bardzo prosimy, aby tego dnia dzieci z poszczeg\u00f3lnych grup ubrane by\u0142y w nast\u0119puj\u0105ce kolory<\/p>\n","protected":false},"author":1,"featured_media":0,"comment_status":"closed","ping_status":"closed","sticky":false,"template":"","format":"standard","meta":{"jetpack_post_was_ever_published":false,"_jetpack_newsletter_access":"","_jetpack_dont_email_post_to_subs":false,"_jetpack_newsletter_tier_id":0,"_jetpack_memberships_contains_paywalled_content":false,"_jetpack_memberships_contains_paid_content":false,"footnotes":"","jetpack_publicize_message":"","jetpack_publicize_feature_enabled":true,"jetpack_social_post_already_shared":true,"jetpack_social_options":{"image_generator_settings":{"template":"highway","default_image_id":0,"font":"","enabled":false},"version":2}},"categories":[16],"tags":[],"class_list":["post-14439","post","type-post","status-publish","format-standard","hentry","category-nowosci"],"jetpack_publicize_connections":[],"jetpack_featured_media_url":"","jetpack_sharing_enabled":true,"jetpack_shortlink":"https:\/\/wp.me\/p7NQjT-3KT","jetpack-related-posts":[],"_links":{"self":[{"href":"https:\/\/przedszkole8.pl\/index.php?rest_route=\/wp\/v2\/posts\/14439","targetHints":{"allow":["GET"]}}],"collection":[{"href":"https:\/\/przedszkole8.pl\/index.php?rest_route=\/wp\/v2\/posts"}],"about":[{"href":"https:\/\/przedszkole8.pl\/index.php?rest_route=\/wp\/v2\/types\/post"}],"author":[{"embeddable":true,"href":"https:\/\/przedszkole8.pl\/index.php?rest_route=\/wp\/v2\/users\/1"}],"replies":[{"embeddable":true,"href":"https:\/\/przedszkole8.pl\/index.php?rest_route=%2Fwp%2Fv2%2Fcomments&post=14439"}],"version-history":[{"count":1,"href":"https:\/\/przedszkole8.pl\/index.php?rest_route=\/wp\/v2\/posts\/14439\/revisions"}],"predecessor-version":[{"id":14440,"href":"https:\/\/przedszkole8.pl\/index.php?rest_route=\/wp\/v2\/posts\/14439\/revisions\/14440"}],"wp:attachment":[{"href":"https:\/\/przedszkole8.pl\/index.php?rest_route=%2Fwp%2Fv2%2Fmedia&parent=14439"}],"wp:term":[{"taxonomy":"category","embeddable":true,"href":"https:\/\/przedszkole8.pl\/index.php?rest_route=%2Fwp%2Fv2%2Fcategories&post=14439"},{"taxonomy":"post_tag","embeddable":true,"href":"https:\/\/przedszkole8.pl\/index.php?rest_route=%2Fwp%2Fv2%2Ftags&post=14439"}],"curies":[{"name":"wp","href":"https:\/\/api.w.org\/{rel}","templated":true}]}}