{"id":14400,"date":"2024-05-06T13:18:06","date_gmt":"2024-05-06T13:18:06","guid":{"rendered":"http:\/\/przedszkole8.pl\/?p=14400"},"modified":"2024-05-06T13:18:06","modified_gmt":"2024-05-06T13:18:06","slug":"muzyczny-tydzien-artystyczny","status":"publish","type":"post","link":"https:\/\/przedszkole8.pl\/?p=14400","title":{"rendered":"Muzyczny Tydzie\u0144 Artystyczny"},"content":{"rendered":"<p>Muzyczny Tydzie\u0144 Artystyczny odby\u0142 si\u0119 w naszym przedszkolu w dniach 22-26 kwietnia 2024 r. W tym czasie odby\u0142y si\u0119 trzy przegl\u0105dy tw\u00f3rczo\u015bci artystycznej dzieci z wszystkich grup wiekowych przed publiczno\u015bci\u0105 dzieci z grup I, II, III, IV i V, oraz rodzinny konkurs plastyczno-konstrukcyjny\u00a0 &#8222;M\u00f3j instrument&#8221;. We wtorek 23.04. odby\u0142 si\u0119 przegl\u0105d \u015bpiewu piosenki grupowej &#8211; hymnu grupy w wykonaniu ca\u0142ych grup, w \u015brod\u0119 24.04 &#8211; przegl\u0105d ta\u0144ca zespo\u0142owego z rekwizytem, a w czwartek &#8211; przegl\u0105d gry na instrumentach w zespo\u0142ach, a tak\u017ce uroczyste zako\u0144czenie konkursu &#8222;M\u00f3j instrument&#8221;. Wszystkie wykonania dzieci by\u0142y cudowne, niepowtarzalne, pomys\u0142owe, widowiskowe. Nie tylko cieszy\u0142y oko, ale te\u017c bawi\u0142y dzieci\u0119c\u0105 publiczno\u015b\u0107. Muzyka \u0142agodzi obyczaje i daje wiele rado\u015bci, \u0142\u0105czy ludzi. Ten wyj\u0105tkowy tydzie\u0144 po\u0142\u0105czy\u0142 wszystkie grupy przedszkolne, przyczyni\u0142 si\u0119 do integracji dzieci. Dzi\u0119kujemy serdecznie rodzicom za ka\u017cdy &#8222;kawa\u0142ek serca&#8221; w\u0142o\u017cony w organizacj\u0119 tego przedsi\u0119wzi\u0119cia oraz za nagrody &#8211; rekwizyty do ta\u0144ca.<\/p>\n<p>&nbsp;<\/p>\n<p>&nbsp;<\/p>\n","protected":false},"excerpt":{"rendered":"<p>Muzyczny Tydzie\u0144 Artystyczny odby\u0142 si\u0119 w naszym przedszkolu w dniach 22-26 kwietnia 2024 r. W tym czasie odby\u0142y si\u0119 trzy przegl\u0105dy tw\u00f3rczo\u015bci artystycznej dzieci z wszystkich grup wiekowych przed publiczno\u015bci\u0105 dzieci z grup I, II, III, IV i V, oraz rodzinny konkurs plastyczno-konstrukcyjny\u00a0 &#8222;M\u00f3j instrument&#8221;. We wtorek 23.04. odby\u0142 si\u0119 przegl\u0105d \u015bpiewu piosenki grupowej &#8211;<\/p>\n","protected":false},"author":20,"featured_media":0,"comment_status":"closed","ping_status":"closed","sticky":false,"template":"","format":"standard","meta":{"jetpack_post_was_ever_published":false,"_jetpack_newsletter_access":"","_jetpack_dont_email_post_to_subs":false,"_jetpack_newsletter_tier_id":0,"_jetpack_memberships_contains_paywalled_content":false,"_jetpack_memberships_contains_paid_content":false,"footnotes":"","jetpack_publicize_message":"","jetpack_publicize_feature_enabled":true,"jetpack_social_post_already_shared":true,"jetpack_social_options":{"image_generator_settings":{"template":"highway","default_image_id":0,"font":"","enabled":false},"version":2}},"categories":[15],"tags":[],"class_list":["post-14400","post","type-post","status-publish","format-standard","hentry","category-z-zycia-przedszkola"],"jetpack_publicize_connections":[],"jetpack_featured_media_url":"","jetpack_sharing_enabled":true,"jetpack_shortlink":"https:\/\/wp.me\/p7NQjT-3Kg","jetpack-related-posts":[],"_links":{"self":[{"href":"https:\/\/przedszkole8.pl\/index.php?rest_route=\/wp\/v2\/posts\/14400","targetHints":{"allow":["GET"]}}],"collection":[{"href":"https:\/\/przedszkole8.pl\/index.php?rest_route=\/wp\/v2\/posts"}],"about":[{"href":"https:\/\/przedszkole8.pl\/index.php?rest_route=\/wp\/v2\/types\/post"}],"author":[{"embeddable":true,"href":"https:\/\/przedszkole8.pl\/index.php?rest_route=\/wp\/v2\/users\/20"}],"replies":[{"embeddable":true,"href":"https:\/\/przedszkole8.pl\/index.php?rest_route=%2Fwp%2Fv2%2Fcomments&post=14400"}],"version-history":[{"count":1,"href":"https:\/\/przedszkole8.pl\/index.php?rest_route=\/wp\/v2\/posts\/14400\/revisions"}],"predecessor-version":[{"id":14401,"href":"https:\/\/przedszkole8.pl\/index.php?rest_route=\/wp\/v2\/posts\/14400\/revisions\/14401"}],"wp:attachment":[{"href":"https:\/\/przedszkole8.pl\/index.php?rest_route=%2Fwp%2Fv2%2Fmedia&parent=14400"}],"wp:term":[{"taxonomy":"category","embeddable":true,"href":"https:\/\/przedszkole8.pl\/index.php?rest_route=%2Fwp%2Fv2%2Fcategories&post=14400"},{"taxonomy":"post_tag","embeddable":true,"href":"https:\/\/przedszkole8.pl\/index.php?rest_route=%2Fwp%2Fv2%2Ftags&post=14400"}],"curies":[{"name":"wp","href":"https:\/\/api.w.org\/{rel}","templated":true}]}}