{"id":14386,"date":"2024-04-28T12:08:57","date_gmt":"2024-04-28T12:08:57","guid":{"rendered":"http:\/\/przedszkole8.pl\/?p=14386"},"modified":"2024-04-28T12:08:57","modified_gmt":"2024-04-28T12:08:57","slug":"grupowe-urodzinki-2","status":"publish","type":"post","link":"https:\/\/przedszkole8.pl\/?p=14386","title":{"rendered":"Grupowe urodzinki"},"content":{"rendered":"<p>W \u015brod\u0119 24 kwietnia obchodzili\u015bmy si\u00f3dme urodziny Anielki, Huberta, Ani, Kasi i Paulinki. By\u0142 to jednocze\u015bnie dzie\u0144 ta\u0144ca w Muzycznym Tygodniu Artystycznym. By\u0142o s\u0142odko, by\u0142o mi\u0142o i tanecznie. Wszystkie dzieci, pani i rodzice jubilat\u00f3w postarali si\u0119, by ten dzie\u0144 by\u0142 wyj\u0105tkowy i przyjemny dla jubilat\u00f3w. Rodzicom serdecznie dzi\u0119kujemy za wspania\u0142y tort, mufinki, owoce, napoje i wszystkie ulubione smako\u0142yki dzieci.<\/p>\n<p><a href=\"https:\/\/i0.wp.com\/przedszkole8.pl\/wp-content\/uploads\/2024\/04\/1714304668917.jpg?ssl=1\"><img data-recalc-dims=\"1\" loading=\"lazy\" decoding=\"async\" data-attachment-id=\"14387\" data-permalink=\"https:\/\/przedszkole8.pl\/?attachment_id=14387\" data-orig-file=\"https:\/\/i0.wp.com\/przedszkole8.pl\/wp-content\/uploads\/2024\/04\/1714304668917.jpg?fit=5760%2C3240&amp;ssl=1\" data-orig-size=\"5760,3240\" data-comments-opened=\"0\" data-image-meta=\"{&quot;aperture&quot;:&quot;0&quot;,&quot;credit&quot;:&quot;&quot;,&quot;camera&quot;:&quot;&quot;,&quot;caption&quot;:&quot;&quot;,&quot;created_timestamp&quot;:&quot;0&quot;,&quot;copyright&quot;:&quot;&quot;,&quot;focal_length&quot;:&quot;0&quot;,&quot;iso&quot;:&quot;0&quot;,&quot;shutter_speed&quot;:&quot;0&quot;,&quot;title&quot;:&quot;&quot;,&quot;orientation&quot;:&quot;1&quot;}\" data-image-title=\"1714304668917\" data-image-description=\"\" data-image-caption=\"\" data-medium-file=\"https:\/\/i0.wp.com\/przedszkole8.pl\/wp-content\/uploads\/2024\/04\/1714304668917.jpg?fit=300%2C169&amp;ssl=1\" data-large-file=\"https:\/\/i0.wp.com\/przedszkole8.pl\/wp-content\/uploads\/2024\/04\/1714304668917.jpg?fit=550%2C309&amp;ssl=1\" class=\"alignnone size-medium wp-image-14387\" src=\"https:\/\/i0.wp.com\/przedszkole8.pl\/wp-content\/uploads\/2024\/04\/1714304668917.jpg?resize=300%2C169&#038;ssl=1\" alt=\"1714304668917\" width=\"300\" height=\"169\" srcset=\"https:\/\/i0.wp.com\/przedszkole8.pl\/wp-content\/uploads\/2024\/04\/1714304668917.jpg?resize=300%2C169&amp;ssl=1 300w, https:\/\/i0.wp.com\/przedszkole8.pl\/wp-content\/uploads\/2024\/04\/1714304668917.jpg?resize=768%2C432&amp;ssl=1 768w, https:\/\/i0.wp.com\/przedszkole8.pl\/wp-content\/uploads\/2024\/04\/1714304668917.jpg?resize=1024%2C576&amp;ssl=1 1024w, https:\/\/i0.wp.com\/przedszkole8.pl\/wp-content\/uploads\/2024\/04\/1714304668917.jpg?w=1100&amp;ssl=1 1100w, https:\/\/i0.wp.com\/przedszkole8.pl\/wp-content\/uploads\/2024\/04\/1714304668917.jpg?w=1650&amp;ssl=1 1650w\" sizes=\"auto, (max-width: 300px) 100vw, 300px\" \/><\/a> <a href=\"https:\/\/i0.wp.com\/przedszkole8.pl\/wp-content\/uploads\/2024\/04\/1714304571824.jpg?ssl=1\"><img data-recalc-dims=\"1\" loading=\"lazy\" decoding=\"async\" data-attachment-id=\"14388\" data-permalink=\"https:\/\/przedszkole8.pl\/?attachment_id=14388\" data-orig-file=\"https:\/\/i0.wp.com\/przedszkole8.pl\/wp-content\/uploads\/2024\/04\/1714304571824.jpg?fit=5760%2C3240&amp;ssl=1\" data-orig-size=\"5760,3240\" data-comments-opened=\"0\" data-image-meta=\"{&quot;aperture&quot;:&quot;0&quot;,&quot;credit&quot;:&quot;&quot;,&quot;camera&quot;:&quot;&quot;,&quot;caption&quot;:&quot;&quot;,&quot;created_timestamp&quot;:&quot;0&quot;,&quot;copyright&quot;:&quot;&quot;,&quot;focal_length&quot;:&quot;0&quot;,&quot;iso&quot;:&quot;0&quot;,&quot;shutter_speed&quot;:&quot;0&quot;,&quot;title&quot;:&quot;&quot;,&quot;orientation&quot;:&quot;1&quot;}\" data-image-title=\"1714304571824\" data-image-description=\"\" data-image-caption=\"\" data-medium-file=\"https:\/\/i0.wp.com\/przedszkole8.pl\/wp-content\/uploads\/2024\/04\/1714304571824.jpg?fit=300%2C169&amp;ssl=1\" data-large-file=\"https:\/\/i0.wp.com\/przedszkole8.pl\/wp-content\/uploads\/2024\/04\/1714304571824.jpg?fit=550%2C309&amp;ssl=1\" class=\"alignnone size-medium wp-image-14388\" src=\"https:\/\/i0.wp.com\/przedszkole8.pl\/wp-content\/uploads\/2024\/04\/1714304571824.jpg?resize=300%2C169&#038;ssl=1\" alt=\"1714304571824\" width=\"300\" height=\"169\" srcset=\"https:\/\/i0.wp.com\/przedszkole8.pl\/wp-content\/uploads\/2024\/04\/1714304571824.jpg?resize=300%2C169&amp;ssl=1 300w, https:\/\/i0.wp.com\/przedszkole8.pl\/wp-content\/uploads\/2024\/04\/1714304571824.jpg?resize=768%2C432&amp;ssl=1 768w, https:\/\/i0.wp.com\/przedszkole8.pl\/wp-content\/uploads\/2024\/04\/1714304571824.jpg?resize=1024%2C576&amp;ssl=1 1024w, https:\/\/i0.wp.com\/przedszkole8.pl\/wp-content\/uploads\/2024\/04\/1714304571824.jpg?w=1100&amp;ssl=1 1100w, https:\/\/i0.wp.com\/przedszkole8.pl\/wp-content\/uploads\/2024\/04\/1714304571824.jpg?w=1650&amp;ssl=1 1650w\" sizes=\"auto, (max-width: 300px) 100vw, 300px\" \/><\/a><\/p>\n","protected":false},"excerpt":{"rendered":"<p>W \u015brod\u0119 24 kwietnia obchodzili\u015bmy si\u00f3dme urodziny Anielki, Huberta, Ani, Kasi i Paulinki. By\u0142 to jednocze\u015bnie dzie\u0144 ta\u0144ca w Muzycznym Tygodniu Artystycznym. By\u0142o s\u0142odko, by\u0142o mi\u0142o i tanecznie. Wszystkie dzieci, pani i rodzice jubilat\u00f3w postarali si\u0119, by ten dzie\u0144 by\u0142 wyj\u0105tkowy i przyjemny dla jubilat\u00f3w. Rodzicom serdecznie dzi\u0119kujemy za wspania\u0142y tort, mufinki, owoce, napoje i<\/p>\n","protected":false},"author":20,"featured_media":0,"comment_status":"closed","ping_status":"closed","sticky":false,"template":"","format":"standard","meta":{"jetpack_post_was_ever_published":false,"_jetpack_newsletter_access":"","_jetpack_dont_email_post_to_subs":false,"_jetpack_newsletter_tier_id":0,"_jetpack_memberships_contains_paywalled_content":false,"_jetpack_memberships_contains_paid_content":false,"footnotes":"","jetpack_publicize_message":"","jetpack_publicize_feature_enabled":true,"jetpack_social_post_already_shared":true,"jetpack_social_options":{"image_generator_settings":{"template":"highway","default_image_id":0,"font":"","enabled":false},"version":2}},"categories":[46],"tags":[],"class_list":["post-14386","post","type-post","status-publish","format-standard","hentry","category-niedzwiadki-2023-2024"],"jetpack_publicize_connections":[],"jetpack_featured_media_url":"","jetpack_sharing_enabled":true,"jetpack_shortlink":"https:\/\/wp.me\/p7NQjT-3K2","jetpack-related-posts":[],"_links":{"self":[{"href":"https:\/\/przedszkole8.pl\/index.php?rest_route=\/wp\/v2\/posts\/14386","targetHints":{"allow":["GET"]}}],"collection":[{"href":"https:\/\/przedszkole8.pl\/index.php?rest_route=\/wp\/v2\/posts"}],"about":[{"href":"https:\/\/przedszkole8.pl\/index.php?rest_route=\/wp\/v2\/types\/post"}],"author":[{"embeddable":true,"href":"https:\/\/przedszkole8.pl\/index.php?rest_route=\/wp\/v2\/users\/20"}],"replies":[{"embeddable":true,"href":"https:\/\/przedszkole8.pl\/index.php?rest_route=%2Fwp%2Fv2%2Fcomments&post=14386"}],"version-history":[{"count":1,"href":"https:\/\/przedszkole8.pl\/index.php?rest_route=\/wp\/v2\/posts\/14386\/revisions"}],"predecessor-version":[{"id":14389,"href":"https:\/\/przedszkole8.pl\/index.php?rest_route=\/wp\/v2\/posts\/14386\/revisions\/14389"}],"wp:attachment":[{"href":"https:\/\/przedszkole8.pl\/index.php?rest_route=%2Fwp%2Fv2%2Fmedia&parent=14386"}],"wp:term":[{"taxonomy":"category","embeddable":true,"href":"https:\/\/przedszkole8.pl\/index.php?rest_route=%2Fwp%2Fv2%2Fcategories&post=14386"},{"taxonomy":"post_tag","embeddable":true,"href":"https:\/\/przedszkole8.pl\/index.php?rest_route=%2Fwp%2Fv2%2Ftags&post=14386"}],"curies":[{"name":"wp","href":"https:\/\/api.w.org\/{rel}","templated":true}]}}