{"id":14383,"date":"2024-04-22T10:14:40","date_gmt":"2024-04-22T10:14:40","guid":{"rendered":"http:\/\/przedszkole8.pl\/?p=14383"},"modified":"2024-04-22T10:14:40","modified_gmt":"2024-04-22T10:14:40","slug":"dzieci-zakwalifikowane-w-procesie-rekrutacji-na-rok-szkolny-20242025","status":"publish","type":"post","link":"https:\/\/przedszkole8.pl\/?p=14383","title":{"rendered":"Dzieci zakwalifikowane w procesie rekrutacji na rok szkolny 2024\/2025"},"content":{"rendered":"<p>Potwierdzenie woli to kolejny OBOWI\u0104ZKOWY etap rekrutacji.<br \/>\nMo\u017cna potwierdzi\u0107 wol\u0119 <strong>elektronicznie (w systemie)<\/strong> lub <strong>osobi\u015bcie (w przedszkolu w godzinach 8:00 &#8211; 16:00)<\/strong>.<br \/>\nTermin sk\u0142adania potwierdzenia woli: <strong>22 &#8211; 25.04.2024 r. (poniedzia\u0142ek &#8211; czwartek)<\/strong>.<br \/>\nJe\u015bli potwierdzenie woli nie zostanie z\u0142o\u017cone w tym terminie, dziecko traci miejsce w przedszkolu.<\/p>\n","protected":false},"excerpt":{"rendered":"<p>Potwierdzenie woli to kolejny OBOWI\u0104ZKOWY etap rekrutacji. Mo\u017cna potwierdzi\u0107 wol\u0119 elektronicznie (w systemie) lub osobi\u015bcie (w przedszkolu w godzinach 8:00 &#8211; 16:00). Termin sk\u0142adania potwierdzenia woli: 22 &#8211; 25.04.2024 r. (poniedzia\u0142ek &#8211; czwartek). Je\u015bli potwierdzenie woli nie zostanie z\u0142o\u017cone w tym terminie, dziecko traci miejsce w przedszkolu.<\/p>\n","protected":false},"author":1,"featured_media":0,"comment_status":"closed","ping_status":"closed","sticky":false,"template":"","format":"standard","meta":{"jetpack_post_was_ever_published":false,"_jetpack_newsletter_access":"","_jetpack_dont_email_post_to_subs":false,"_jetpack_newsletter_tier_id":0,"_jetpack_memberships_contains_paywalled_content":false,"_jetpack_memberships_contains_paid_content":false,"footnotes":"","jetpack_publicize_message":"","jetpack_publicize_feature_enabled":true,"jetpack_social_post_already_shared":true,"jetpack_social_options":{"image_generator_settings":{"template":"highway","default_image_id":0,"font":"","enabled":false},"version":2}},"categories":[16,31],"tags":[],"class_list":["post-14383","post","type-post","status-publish","format-standard","hentry","category-nowosci","category-rekrutacja"],"jetpack_publicize_connections":[],"jetpack_featured_media_url":"","jetpack_sharing_enabled":true,"jetpack_shortlink":"https:\/\/wp.me\/p7NQjT-3JZ","jetpack-related-posts":[],"_links":{"self":[{"href":"https:\/\/przedszkole8.pl\/index.php?rest_route=\/wp\/v2\/posts\/14383","targetHints":{"allow":["GET"]}}],"collection":[{"href":"https:\/\/przedszkole8.pl\/index.php?rest_route=\/wp\/v2\/posts"}],"about":[{"href":"https:\/\/przedszkole8.pl\/index.php?rest_route=\/wp\/v2\/types\/post"}],"author":[{"embeddable":true,"href":"https:\/\/przedszkole8.pl\/index.php?rest_route=\/wp\/v2\/users\/1"}],"replies":[{"embeddable":true,"href":"https:\/\/przedszkole8.pl\/index.php?rest_route=%2Fwp%2Fv2%2Fcomments&post=14383"}],"version-history":[{"count":2,"href":"https:\/\/przedszkole8.pl\/index.php?rest_route=\/wp\/v2\/posts\/14383\/revisions"}],"predecessor-version":[{"id":14385,"href":"https:\/\/przedszkole8.pl\/index.php?rest_route=\/wp\/v2\/posts\/14383\/revisions\/14385"}],"wp:attachment":[{"href":"https:\/\/przedszkole8.pl\/index.php?rest_route=%2Fwp%2Fv2%2Fmedia&parent=14383"}],"wp:term":[{"taxonomy":"category","embeddable":true,"href":"https:\/\/przedszkole8.pl\/index.php?rest_route=%2Fwp%2Fv2%2Fcategories&post=14383"},{"taxonomy":"post_tag","embeddable":true,"href":"https:\/\/przedszkole8.pl\/index.php?rest_route=%2Fwp%2Fv2%2Ftags&post=14383"}],"curies":[{"name":"wp","href":"https:\/\/api.w.org\/{rel}","templated":true}]}}