{"id":14381,"date":"2024-04-21T12:10:36","date_gmt":"2024-04-21T12:10:36","guid":{"rendered":"http:\/\/przedszkole8.pl\/?p=14381"},"modified":"2024-04-21T12:10:36","modified_gmt":"2024-04-21T12:10:36","slug":"zebranie-z-rodzicami-9","status":"publish","type":"post","link":"https:\/\/przedszkole8.pl\/?p=14381","title":{"rendered":"Zebranie z rodzicami"},"content":{"rendered":"<p>W \u015brod\u0119 24 kwietnia odb\u0119dzie si\u0119 zebranie w sali gr V o godzinie 16.30<br \/>\nCelem spotkania \u00a0jest przekazanie Pa\u0144stwu dokumentu : Informacji o gotowo\u015bci dziecka do podj\u0119cia nauki w szkole podstawowej oraz om\u00f3wienia \u00a0spraw bierz\u0105cych .<br \/>\nSerdecznie zapraszamy \ud83d\ude42<\/p>\n","protected":false},"excerpt":{"rendered":"<p>W \u015brod\u0119 24 kwietnia odb\u0119dzie si\u0119 zebranie w sali gr V o godzinie 16.30 Celem spotkania \u00a0jest przekazanie Pa\u0144stwu dokumentu : Informacji o gotowo\u015bci dziecka do podj\u0119cia nauki w szkole podstawowej oraz om\u00f3wienia \u00a0spraw bierz\u0105cych . Serdecznie zapraszamy \ud83d\ude42<\/p>\n","protected":false},"author":20,"featured_media":0,"comment_status":"closed","ping_status":"closed","sticky":false,"template":"","format":"standard","meta":{"jetpack_post_was_ever_published":false,"_jetpack_newsletter_access":"","_jetpack_dont_email_post_to_subs":false,"_jetpack_newsletter_tier_id":0,"_jetpack_memberships_contains_paywalled_content":false,"_jetpack_memberships_contains_paid_content":false,"footnotes":"","jetpack_publicize_message":"","jetpack_publicize_feature_enabled":true,"jetpack_social_post_already_shared":true,"jetpack_social_options":{"image_generator_settings":{"template":"highway","default_image_id":0,"font":"","enabled":false},"version":2}},"categories":[46],"tags":[],"class_list":["post-14381","post","type-post","status-publish","format-standard","hentry","category-niedzwiadki-2023-2024"],"jetpack_publicize_connections":[],"jetpack_featured_media_url":"","jetpack_sharing_enabled":true,"jetpack_shortlink":"https:\/\/wp.me\/p7NQjT-3JX","jetpack-related-posts":[],"_links":{"self":[{"href":"https:\/\/przedszkole8.pl\/index.php?rest_route=\/wp\/v2\/posts\/14381","targetHints":{"allow":["GET"]}}],"collection":[{"href":"https:\/\/przedszkole8.pl\/index.php?rest_route=\/wp\/v2\/posts"}],"about":[{"href":"https:\/\/przedszkole8.pl\/index.php?rest_route=\/wp\/v2\/types\/post"}],"author":[{"embeddable":true,"href":"https:\/\/przedszkole8.pl\/index.php?rest_route=\/wp\/v2\/users\/20"}],"replies":[{"embeddable":true,"href":"https:\/\/przedszkole8.pl\/index.php?rest_route=%2Fwp%2Fv2%2Fcomments&post=14381"}],"version-history":[{"count":1,"href":"https:\/\/przedszkole8.pl\/index.php?rest_route=\/wp\/v2\/posts\/14381\/revisions"}],"predecessor-version":[{"id":14382,"href":"https:\/\/przedszkole8.pl\/index.php?rest_route=\/wp\/v2\/posts\/14381\/revisions\/14382"}],"wp:attachment":[{"href":"https:\/\/przedszkole8.pl\/index.php?rest_route=%2Fwp%2Fv2%2Fmedia&parent=14381"}],"wp:term":[{"taxonomy":"category","embeddable":true,"href":"https:\/\/przedszkole8.pl\/index.php?rest_route=%2Fwp%2Fv2%2Fcategories&post=14381"},{"taxonomy":"post_tag","embeddable":true,"href":"https:\/\/przedszkole8.pl\/index.php?rest_route=%2Fwp%2Fv2%2Ftags&post=14381"}],"curies":[{"name":"wp","href":"https:\/\/api.w.org\/{rel}","templated":true}]}}