{"id":14376,"date":"2024-04-15T10:14:47","date_gmt":"2024-04-15T10:14:47","guid":{"rendered":"http:\/\/przedszkole8.pl\/?p=14376"},"modified":"2024-04-15T10:14:47","modified_gmt":"2024-04-15T10:14:47","slug":"zapisy-na-majowke-2","status":"publish","type":"post","link":"https:\/\/przedszkole8.pl\/?p=14376","title":{"rendered":"Zapisy na &#8222;maj\u00f3wk\u0119&#8221;"},"content":{"rendered":"<p>Ze wzgl\u0119du na konieczno\u015b\u0107 organizacji pracy w okresie 29.04 &#8211; 02.05.2024 r. prosimy o zapisywanie dzieci obecnych w tym czasie w przedszkolu na list\u0119 znajduj\u0105c\u0105 si\u0119 pod jad\u0142ospisem (z uwzgl\u0119dnieniem obecno\u015bci w konkretne dni) w terminie do pi\u0105tku 19.04.2024 r.<\/p>\n","protected":false},"excerpt":{"rendered":"<p>Ze wzgl\u0119du na konieczno\u015b\u0107 organizacji pracy w okresie 29.04 &#8211; 02.05.2024 r. prosimy o zapisywanie dzieci obecnych w tym czasie w przedszkolu na list\u0119 znajduj\u0105c\u0105 si\u0119 pod jad\u0142ospisem (z uwzgl\u0119dnieniem obecno\u015bci w konkretne dni) w terminie do pi\u0105tku 19.04.2024 r.<\/p>\n","protected":false},"author":1,"featured_media":0,"comment_status":"closed","ping_status":"closed","sticky":false,"template":"","format":"standard","meta":{"jetpack_post_was_ever_published":false,"_jetpack_newsletter_access":"","_jetpack_dont_email_post_to_subs":false,"_jetpack_newsletter_tier_id":0,"_jetpack_memberships_contains_paywalled_content":false,"_jetpack_memberships_contains_paid_content":false,"footnotes":"","jetpack_publicize_message":"","jetpack_publicize_feature_enabled":true,"jetpack_social_post_already_shared":true,"jetpack_social_options":{"image_generator_settings":{"template":"highway","default_image_id":0,"font":"","enabled":false},"version":2}},"categories":[16],"tags":[],"class_list":["post-14376","post","type-post","status-publish","format-standard","hentry","category-nowosci"],"jetpack_publicize_connections":[],"jetpack_featured_media_url":"","jetpack_sharing_enabled":true,"jetpack_shortlink":"https:\/\/wp.me\/p7NQjT-3JS","jetpack-related-posts":[],"_links":{"self":[{"href":"https:\/\/przedszkole8.pl\/index.php?rest_route=\/wp\/v2\/posts\/14376","targetHints":{"allow":["GET"]}}],"collection":[{"href":"https:\/\/przedszkole8.pl\/index.php?rest_route=\/wp\/v2\/posts"}],"about":[{"href":"https:\/\/przedszkole8.pl\/index.php?rest_route=\/wp\/v2\/types\/post"}],"author":[{"embeddable":true,"href":"https:\/\/przedszkole8.pl\/index.php?rest_route=\/wp\/v2\/users\/1"}],"replies":[{"embeddable":true,"href":"https:\/\/przedszkole8.pl\/index.php?rest_route=%2Fwp%2Fv2%2Fcomments&post=14376"}],"version-history":[{"count":1,"href":"https:\/\/przedszkole8.pl\/index.php?rest_route=\/wp\/v2\/posts\/14376\/revisions"}],"predecessor-version":[{"id":14377,"href":"https:\/\/przedszkole8.pl\/index.php?rest_route=\/wp\/v2\/posts\/14376\/revisions\/14377"}],"wp:attachment":[{"href":"https:\/\/przedszkole8.pl\/index.php?rest_route=%2Fwp%2Fv2%2Fmedia&parent=14376"}],"wp:term":[{"taxonomy":"category","embeddable":true,"href":"https:\/\/przedszkole8.pl\/index.php?rest_route=%2Fwp%2Fv2%2Fcategories&post=14376"},{"taxonomy":"post_tag","embeddable":true,"href":"https:\/\/przedszkole8.pl\/index.php?rest_route=%2Fwp%2Fv2%2Ftags&post=14376"}],"curies":[{"name":"wp","href":"https:\/\/api.w.org\/{rel}","templated":true}]}}