{"id":14173,"date":"2024-02-23T14:38:15","date_gmt":"2024-02-23T14:38:15","guid":{"rendered":"http:\/\/przedszkole8.pl\/?p=14173"},"modified":"2024-02-23T14:38:15","modified_gmt":"2024-02-23T14:38:15","slug":"urodziny-w-grupie-uszatkow-2","status":"publish","type":"post","link":"https:\/\/przedszkole8.pl\/?p=14173","title":{"rendered":"Urodziny w grupie Uszatk\u00f3w"},"content":{"rendered":"<p>Dzisiaj (23.02) obchodzili\u015bmy 4 urodziny Leona! Za\u015bpiewali\u015bmy g\u0142o\u015bne ,,sto lat!&#8221; i na koniec solenizant dosta\u0142 ogromnego przytulasa!<\/p>\n<p>Dzi\u0119kujemy rodzicom za pocz\u0119stunek.<\/p>\n<p>\u017byczymy du\u017co u\u015bmiechu. STO LAT!<\/p>\n<p><a href=\"https:\/\/i0.wp.com\/przedszkole8.pl\/wp-content\/uploads\/2024\/02\/IMG_20240223_100227087_HDR.jpg?ssl=1\"><img data-recalc-dims=\"1\" loading=\"lazy\" decoding=\"async\" data-attachment-id=\"14175\" data-permalink=\"https:\/\/przedszkole8.pl\/?attachment_id=14175\" data-orig-file=\"https:\/\/i0.wp.com\/przedszkole8.pl\/wp-content\/uploads\/2024\/02\/IMG_20240223_100227087_HDR.jpg?fit=4096%2C3072&amp;ssl=1\" data-orig-size=\"4096,3072\" data-comments-opened=\"0\" data-image-meta=\"{&quot;aperture&quot;:&quot;1,8&quot;,&quot;credit&quot;:&quot;&quot;,&quot;camera&quot;:&quot;motorola edge 40 neo&quot;,&quot;caption&quot;:&quot;&quot;,&quot;created_timestamp&quot;:&quot;1708682547&quot;,&quot;copyright&quot;:&quot;&quot;,&quot;focal_length&quot;:&quot;5,56&quot;,&quot;iso&quot;:&quot;457&quot;,&quot;shutter_speed&quot;:&quot;0,02&quot;,&quot;title&quot;:&quot;&quot;,&quot;orientation&quot;:&quot;1&quot;}\" data-image-title=\"img_20240223_100227087_hdr\" data-image-description=\"\" data-image-caption=\"\" data-medium-file=\"https:\/\/i0.wp.com\/przedszkole8.pl\/wp-content\/uploads\/2024\/02\/IMG_20240223_100227087_HDR.jpg?fit=300%2C225&amp;ssl=1\" data-large-file=\"https:\/\/i0.wp.com\/przedszkole8.pl\/wp-content\/uploads\/2024\/02\/IMG_20240223_100227087_HDR.jpg?fit=550%2C413&amp;ssl=1\" class=\"alignnone size-large wp-image-14175\" src=\"https:\/\/i0.wp.com\/przedszkole8.pl\/wp-content\/uploads\/2024\/02\/IMG_20240223_100227087_HDR.jpg?resize=550%2C413&#038;ssl=1\" alt=\"img_20240223_100227087_hdr\" width=\"550\" height=\"413\" srcset=\"https:\/\/i0.wp.com\/przedszkole8.pl\/wp-content\/uploads\/2024\/02\/IMG_20240223_100227087_HDR.jpg?resize=1024%2C768&amp;ssl=1 1024w, https:\/\/i0.wp.com\/przedszkole8.pl\/wp-content\/uploads\/2024\/02\/IMG_20240223_100227087_HDR.jpg?resize=300%2C225&amp;ssl=1 300w, https:\/\/i0.wp.com\/przedszkole8.pl\/wp-content\/uploads\/2024\/02\/IMG_20240223_100227087_HDR.jpg?resize=768%2C576&amp;ssl=1 768w, https:\/\/i0.wp.com\/przedszkole8.pl\/wp-content\/uploads\/2024\/02\/IMG_20240223_100227087_HDR.jpg?w=1100&amp;ssl=1 1100w, https:\/\/i0.wp.com\/przedszkole8.pl\/wp-content\/uploads\/2024\/02\/IMG_20240223_100227087_HDR.jpg?w=1650&amp;ssl=1 1650w\" sizes=\"auto, (max-width: 550px) 100vw, 550px\" \/><\/a> <a href=\"https:\/\/i0.wp.com\/przedszkole8.pl\/wp-content\/uploads\/2024\/02\/IMG_20240223_100332279_HDR.jpg?ssl=1\"><img data-recalc-dims=\"1\" loading=\"lazy\" decoding=\"async\" data-attachment-id=\"14176\" data-permalink=\"https:\/\/przedszkole8.pl\/?attachment_id=14176\" data-orig-file=\"https:\/\/i0.wp.com\/przedszkole8.pl\/wp-content\/uploads\/2024\/02\/IMG_20240223_100332279_HDR.jpg?fit=4096%2C3072&amp;ssl=1\" data-orig-size=\"4096,3072\" data-comments-opened=\"0\" data-image-meta=\"{&quot;aperture&quot;:&quot;1,8&quot;,&quot;credit&quot;:&quot;&quot;,&quot;camera&quot;:&quot;motorola edge 40 neo&quot;,&quot;caption&quot;:&quot;&quot;,&quot;created_timestamp&quot;:&quot;1708682613&quot;,&quot;copyright&quot;:&quot;&quot;,&quot;focal_length&quot;:&quot;5,56&quot;,&quot;iso&quot;:&quot;590&quot;,&quot;shutter_speed&quot;:&quot;0,02&quot;,&quot;title&quot;:&quot;&quot;,&quot;orientation&quot;:&quot;6&quot;}\" data-image-title=\"img_20240223_100332279_hdr\" data-image-description=\"\" data-image-caption=\"\" data-medium-file=\"https:\/\/i0.wp.com\/przedszkole8.pl\/wp-content\/uploads\/2024\/02\/IMG_20240223_100332279_HDR.jpg?fit=300%2C225&amp;ssl=1\" data-large-file=\"https:\/\/i0.wp.com\/przedszkole8.pl\/wp-content\/uploads\/2024\/02\/IMG_20240223_100332279_HDR.jpg?fit=550%2C413&amp;ssl=1\" class=\"alignnone size-large wp-image-14176\" src=\"https:\/\/i0.wp.com\/przedszkole8.pl\/wp-content\/uploads\/2024\/02\/IMG_20240223_100332279_HDR.jpg?resize=550%2C413&#038;ssl=1\" alt=\"img_20240223_100332279_hdr\" width=\"550\" height=\"413\" srcset=\"https:\/\/i0.wp.com\/przedszkole8.pl\/wp-content\/uploads\/2024\/02\/IMG_20240223_100332279_HDR.jpg?resize=1024%2C768&amp;ssl=1 1024w, https:\/\/i0.wp.com\/przedszkole8.pl\/wp-content\/uploads\/2024\/02\/IMG_20240223_100332279_HDR.jpg?resize=300%2C225&amp;ssl=1 300w, https:\/\/i0.wp.com\/przedszkole8.pl\/wp-content\/uploads\/2024\/02\/IMG_20240223_100332279_HDR.jpg?resize=768%2C576&amp;ssl=1 768w, https:\/\/i0.wp.com\/przedszkole8.pl\/wp-content\/uploads\/2024\/02\/IMG_20240223_100332279_HDR.jpg?w=1100&amp;ssl=1 1100w, https:\/\/i0.wp.com\/przedszkole8.pl\/wp-content\/uploads\/2024\/02\/IMG_20240223_100332279_HDR.jpg?w=1650&amp;ssl=1 1650w\" sizes=\"auto, (max-width: 550px) 100vw, 550px\" \/><\/a> <a href=\"https:\/\/i0.wp.com\/przedszkole8.pl\/wp-content\/uploads\/2024\/02\/IMG_20240223_100424624_HDR.jpg?ssl=1\"><img data-recalc-dims=\"1\" loading=\"lazy\" decoding=\"async\" class=\"alignnone size-large wp-image-14177\" src=\"https:\/\/i0.wp.com\/przedszkole8.pl\/wp-content\/uploads\/2024\/02\/IMG_20240223_100424624_HDR-1024x768.jpg?resize=550%2C413&#038;ssl=1\" alt=\"img_20240223_100424624_hdr\" width=\"550\" height=\"413\" \/><\/a> <a href=\"https:\/\/i0.wp.com\/przedszkole8.pl\/wp-content\/uploads\/2024\/02\/IMG_20240223_100458115_HDR.jpg?ssl=1\"><img data-recalc-dims=\"1\" loading=\"lazy\" decoding=\"async\" class=\"alignnone size-large wp-image-14178\" src=\"https:\/\/i0.wp.com\/przedszkole8.pl\/wp-content\/uploads\/2024\/02\/IMG_20240223_100458115_HDR-1024x768.jpg?resize=550%2C413&#038;ssl=1\" alt=\"img_20240223_100458115_hdr\" width=\"550\" height=\"413\" \/><\/a> <a href=\"https:\/\/i0.wp.com\/przedszkole8.pl\/wp-content\/uploads\/2024\/02\/IMG_20240223_100501861_HDR.jpg?ssl=1\"><img data-recalc-dims=\"1\" loading=\"lazy\" decoding=\"async\" class=\"alignnone size-large wp-image-14179\" src=\"https:\/\/i0.wp.com\/przedszkole8.pl\/wp-content\/uploads\/2024\/02\/IMG_20240223_100501861_HDR-1024x768.jpg?resize=550%2C413&#038;ssl=1\" alt=\"img_20240223_100501861_hdr\" width=\"550\" height=\"413\" \/><\/a><\/p>\n","protected":false},"excerpt":{"rendered":"<p>Dzisiaj (23.02) obchodzili\u015bmy 4 urodziny Leona! Za\u015bpiewali\u015bmy g\u0142o\u015bne ,,sto lat!&#8221; i na koniec solenizant dosta\u0142 ogromnego przytulasa! Dzi\u0119kujemy rodzicom za pocz\u0119stunek. \u017byczymy du\u017co u\u015bmiechu. STO LAT!<\/p>\n","protected":false},"author":28,"featured_media":0,"comment_status":"closed","ping_status":"closed","sticky":false,"template":"","format":"standard","meta":{"jetpack_post_was_ever_published":false,"_jetpack_newsletter_access":"","_jetpack_dont_email_post_to_subs":false,"_jetpack_newsletter_tier_id":0,"_jetpack_memberships_contains_paywalled_content":false,"_jetpack_memberships_contains_paid_content":false,"footnotes":"","jetpack_publicize_message":"","jetpack_publicize_feature_enabled":true,"jetpack_social_post_already_shared":true,"jetpack_social_options":{"image_generator_settings":{"template":"highway","default_image_id":0,"font":"","enabled":false},"version":2}},"categories":[43],"tags":[],"class_list":["post-14173","post","type-post","status-publish","format-standard","hentry","category-uszatki-2023-2024"],"jetpack_publicize_connections":[],"jetpack_featured_media_url":"","jetpack_sharing_enabled":true,"jetpack_shortlink":"https:\/\/wp.me\/p7NQjT-3GB","jetpack-related-posts":[],"_links":{"self":[{"href":"https:\/\/przedszkole8.pl\/index.php?rest_route=\/wp\/v2\/posts\/14173","targetHints":{"allow":["GET"]}}],"collection":[{"href":"https:\/\/przedszkole8.pl\/index.php?rest_route=\/wp\/v2\/posts"}],"about":[{"href":"https:\/\/przedszkole8.pl\/index.php?rest_route=\/wp\/v2\/types\/post"}],"author":[{"embeddable":true,"href":"https:\/\/przedszkole8.pl\/index.php?rest_route=\/wp\/v2\/users\/28"}],"replies":[{"embeddable":true,"href":"https:\/\/przedszkole8.pl\/index.php?rest_route=%2Fwp%2Fv2%2Fcomments&post=14173"}],"version-history":[{"count":1,"href":"https:\/\/przedszkole8.pl\/index.php?rest_route=\/wp\/v2\/posts\/14173\/revisions"}],"predecessor-version":[{"id":14180,"href":"https:\/\/przedszkole8.pl\/index.php?rest_route=\/wp\/v2\/posts\/14173\/revisions\/14180"}],"wp:attachment":[{"href":"https:\/\/przedszkole8.pl\/index.php?rest_route=%2Fwp%2Fv2%2Fmedia&parent=14173"}],"wp:term":[{"taxonomy":"category","embeddable":true,"href":"https:\/\/przedszkole8.pl\/index.php?rest_route=%2Fwp%2Fv2%2Fcategories&post=14173"},{"taxonomy":"post_tag","embeddable":true,"href":"https:\/\/przedszkole8.pl\/index.php?rest_route=%2Fwp%2Fv2%2Ftags&post=14173"}],"curies":[{"name":"wp","href":"https:\/\/api.w.org\/{rel}","templated":true}]}}