{"id":13919,"date":"2024-01-30T21:26:50","date_gmt":"2024-01-30T21:26:50","guid":{"rendered":"http:\/\/przedszkole8.pl\/?p=13919"},"modified":"2024-01-30T21:26:50","modified_gmt":"2024-01-30T21:26:50","slug":"swietujemy-urodzinki-3","status":"publish","type":"post","link":"https:\/\/przedszkole8.pl\/?p=13919","title":{"rendered":"\u015awi\u0119tujemy Urodzinki"},"content":{"rendered":"<p>We wtorek 30 stycznia obchodzili\u015bmy 6 Urodziny Olisi i Olka. By\u0142y \u017cyczenia, weso\u0142e zabawy i s\u0142odki pocz\u0119stunek. Jeszcze raz \u017cyczymy&#8221; Sto lat&#8221; naszym kochanym jubilatom. Rodzicom dzi\u0119kujemy za dekoracje i s\u0142odki pocz\u0119stunek \ud83d\ude42<\/p>\n<p><a href=\"https:\/\/i0.wp.com\/przedszkole8.pl\/wp-content\/uploads\/2024\/01\/IMG_8473.jpg?ssl=1\"><img data-recalc-dims=\"1\" loading=\"lazy\" decoding=\"async\" class=\"alignnone size-medium wp-image-13920\" src=\"https:\/\/i0.wp.com\/przedszkole8.pl\/wp-content\/uploads\/2024\/01\/IMG_8473-300x225.jpg?resize=300%2C225&#038;ssl=1\" alt=\"img_8473\" width=\"300\" height=\"225\" \/><\/a> <a href=\"https:\/\/i0.wp.com\/przedszkole8.pl\/wp-content\/uploads\/2024\/01\/IMG_8475.jpg?ssl=1\"><img data-recalc-dims=\"1\" loading=\"lazy\" decoding=\"async\" class=\"alignnone size-medium wp-image-13921\" src=\"https:\/\/i0.wp.com\/przedszkole8.pl\/wp-content\/uploads\/2024\/01\/IMG_8475-300x225.jpg?resize=300%2C225&#038;ssl=1\" alt=\"img_8475\" width=\"300\" height=\"225\" \/><\/a>\u00a0 <a href=\"https:\/\/i0.wp.com\/przedszkole8.pl\/wp-content\/uploads\/2024\/01\/IMG_8479.jpg?ssl=1\"><img data-recalc-dims=\"1\" loading=\"lazy\" decoding=\"async\" class=\"alignnone size-medium wp-image-13923\" src=\"https:\/\/i0.wp.com\/przedszkole8.pl\/wp-content\/uploads\/2024\/01\/IMG_8479-300x225.jpg?resize=300%2C225&#038;ssl=1\" alt=\"img_8479\" width=\"300\" height=\"225\" \/><\/a> <a href=\"https:\/\/i0.wp.com\/przedszkole8.pl\/wp-content\/uploads\/2024\/01\/IMG_8481.jpg?ssl=1\"><img data-recalc-dims=\"1\" loading=\"lazy\" decoding=\"async\" class=\"alignnone size-medium wp-image-13924\" src=\"https:\/\/i0.wp.com\/przedszkole8.pl\/wp-content\/uploads\/2024\/01\/IMG_8481-300x225.jpg?resize=300%2C225&#038;ssl=1\" alt=\"img_8481\" width=\"300\" height=\"225\" \/><\/a>\u00a0 <a href=\"https:\/\/i0.wp.com\/przedszkole8.pl\/wp-content\/uploads\/2024\/01\/IMG_8484.jpg?ssl=1\"><img data-recalc-dims=\"1\" loading=\"lazy\" decoding=\"async\" class=\"alignnone size-medium wp-image-13926\" src=\"https:\/\/i0.wp.com\/przedszkole8.pl\/wp-content\/uploads\/2024\/01\/IMG_8484-300x225.jpg?resize=300%2C225&#038;ssl=1\" alt=\"img_8484\" width=\"300\" height=\"225\" \/><\/a> <a href=\"https:\/\/i0.wp.com\/przedszkole8.pl\/wp-content\/uploads\/2024\/01\/IMG_8486.jpg?ssl=1\"><img data-recalc-dims=\"1\" loading=\"lazy\" decoding=\"async\" class=\"alignnone size-medium wp-image-13927\" src=\"https:\/\/i0.wp.com\/przedszkole8.pl\/wp-content\/uploads\/2024\/01\/IMG_8486-300x225.jpg?resize=300%2C225&#038;ssl=1\" alt=\"img_8486\" width=\"300\" height=\"225\" \/><\/a> <a href=\"https:\/\/i0.wp.com\/przedszkole8.pl\/wp-content\/uploads\/2024\/01\/IMG_8490.jpg?ssl=1\"><img data-recalc-dims=\"1\" loading=\"lazy\" decoding=\"async\" class=\"alignnone size-medium wp-image-13928\" src=\"https:\/\/i0.wp.com\/przedszkole8.pl\/wp-content\/uploads\/2024\/01\/IMG_8490-300x225.jpg?resize=300%2C225&#038;ssl=1\" alt=\"img_8490\" width=\"300\" height=\"225\" \/><\/a> <a href=\"https:\/\/i0.wp.com\/przedszkole8.pl\/wp-content\/uploads\/2024\/01\/IMG_8491.jpg?ssl=1\"><img data-recalc-dims=\"1\" loading=\"lazy\" decoding=\"async\" class=\"alignnone size-medium wp-image-13929\" src=\"https:\/\/i0.wp.com\/przedszkole8.pl\/wp-content\/uploads\/2024\/01\/IMG_8491-300x225.jpg?resize=300%2C225&#038;ssl=1\" alt=\"img_8491\" width=\"300\" height=\"225\" \/><\/a><\/p>\n","protected":false},"excerpt":{"rendered":"<p>We wtorek 30 stycznia obchodzili\u015bmy 6 Urodziny Olisi i Olka. By\u0142y \u017cyczenia, weso\u0142e zabawy i s\u0142odki pocz\u0119stunek. Jeszcze raz \u017cyczymy&#8221; Sto lat&#8221; naszym kochanym jubilatom. Rodzicom dzi\u0119kujemy za dekoracje i s\u0142odki pocz\u0119stunek \ud83d\ude42 \u00a0 \u00a0<\/p>\n","protected":false},"author":9,"featured_media":0,"comment_status":"closed","ping_status":"closed","sticky":false,"template":"","format":"standard","meta":{"jetpack_post_was_ever_published":false,"_jetpack_newsletter_access":"","_jetpack_dont_email_post_to_subs":false,"_jetpack_newsletter_tier_id":0,"_jetpack_memberships_contains_paywalled_content":false,"_jetpack_memberships_contains_paid_content":false,"footnotes":"","jetpack_publicize_message":"","jetpack_publicize_feature_enabled":true,"jetpack_social_post_already_shared":true,"jetpack_social_options":{"image_generator_settings":{"template":"highway","default_image_id":0,"font":"","enabled":false},"version":2}},"categories":[44],"tags":[],"class_list":["post-13919","post","type-post","status-publish","format-standard","hentry","category-misie2023-2024"],"jetpack_publicize_connections":[],"jetpack_featured_media_url":"","jetpack_sharing_enabled":true,"jetpack_shortlink":"https:\/\/wp.me\/p7NQjT-3Cv","jetpack-related-posts":[],"_links":{"self":[{"href":"https:\/\/przedszkole8.pl\/index.php?rest_route=\/wp\/v2\/posts\/13919","targetHints":{"allow":["GET"]}}],"collection":[{"href":"https:\/\/przedszkole8.pl\/index.php?rest_route=\/wp\/v2\/posts"}],"about":[{"href":"https:\/\/przedszkole8.pl\/index.php?rest_route=\/wp\/v2\/types\/post"}],"author":[{"embeddable":true,"href":"https:\/\/przedszkole8.pl\/index.php?rest_route=\/wp\/v2\/users\/9"}],"replies":[{"embeddable":true,"href":"https:\/\/przedszkole8.pl\/index.php?rest_route=%2Fwp%2Fv2%2Fcomments&post=13919"}],"version-history":[{"count":2,"href":"https:\/\/przedszkole8.pl\/index.php?rest_route=\/wp\/v2\/posts\/13919\/revisions"}],"predecessor-version":[{"id":13931,"href":"https:\/\/przedszkole8.pl\/index.php?rest_route=\/wp\/v2\/posts\/13919\/revisions\/13931"}],"wp:attachment":[{"href":"https:\/\/przedszkole8.pl\/index.php?rest_route=%2Fwp%2Fv2%2Fmedia&parent=13919"}],"wp:term":[{"taxonomy":"category","embeddable":true,"href":"https:\/\/przedszkole8.pl\/index.php?rest_route=%2Fwp%2Fv2%2Fcategories&post=13919"},{"taxonomy":"post_tag","embeddable":true,"href":"https:\/\/przedszkole8.pl\/index.php?rest_route=%2Fwp%2Fv2%2Ftags&post=13919"}],"curies":[{"name":"wp","href":"https:\/\/api.w.org\/{rel}","templated":true}]}}