{"id":13894,"date":"2024-01-29T13:20:34","date_gmt":"2024-01-29T13:20:34","guid":{"rendered":"http:\/\/przedszkole8.pl\/?p=13894"},"modified":"2024-01-29T13:36:49","modified_gmt":"2024-01-29T13:36:49","slug":"%e2%9d%84%ef%b8%8fzajecia-zimowe-z-bibliotece-miejskiej-%e2%9d%84%ef%b8%8f","status":"publish","type":"post","link":"https:\/\/przedszkole8.pl\/?p=13894","title":{"rendered":"\u2744\ufe0fZaj\u0119cia zimowe w Bibliotece Miejskiej \u2744\ufe0f"},"content":{"rendered":"<p>W pi\u0105tek 26 stycznia po raz kolejny byli\u015bmy na zaj\u0119ciach organizowanych przez Bibliotek\u0119 Miejsk\u0105 tym razem tematem spotkania by\u0142a Zima \u26c4\ufe0f<\/p>\n<p><a href=\"https:\/\/i0.wp.com\/przedszkole8.pl\/wp-content\/uploads\/2024\/01\/IMG_3681.jpeg?ssl=1\"><img data-recalc-dims=\"1\" loading=\"lazy\" decoding=\"async\" class=\"alignnone size-medium wp-image-13895\" src=\"https:\/\/i0.wp.com\/przedszkole8.pl\/wp-content\/uploads\/2024\/01\/IMG_3681-300x225.jpeg?resize=300%2C225&#038;ssl=1\" alt=\"img_3681\" width=\"300\" height=\"225\" \/><\/a> <a href=\"https:\/\/i0.wp.com\/przedszkole8.pl\/wp-content\/uploads\/2024\/01\/IMG_3683.jpeg?ssl=1\"><img data-recalc-dims=\"1\" loading=\"lazy\" decoding=\"async\" class=\"alignnone size-medium wp-image-13896\" src=\"https:\/\/i0.wp.com\/przedszkole8.pl\/wp-content\/uploads\/2024\/01\/IMG_3683-300x225.jpeg?resize=300%2C225&#038;ssl=1\" alt=\"img_3683\" width=\"300\" height=\"225\" \/><\/a> <a href=\"https:\/\/i0.wp.com\/przedszkole8.pl\/wp-content\/uploads\/2024\/01\/IMG_3684.jpeg?ssl=1\"><img data-recalc-dims=\"1\" loading=\"lazy\" decoding=\"async\" class=\"alignnone size-medium wp-image-13897\" src=\"https:\/\/i0.wp.com\/przedszkole8.pl\/wp-content\/uploads\/2024\/01\/IMG_3684-300x225.jpeg?resize=300%2C225&#038;ssl=1\" alt=\"img_3684\" width=\"300\" height=\"225\" \/><\/a> <a href=\"https:\/\/i0.wp.com\/przedszkole8.pl\/wp-content\/uploads\/2024\/01\/IMG_3687.jpeg?ssl=1\"><img data-recalc-dims=\"1\" loading=\"lazy\" decoding=\"async\" class=\"alignnone size-medium wp-image-13898\" src=\"https:\/\/i0.wp.com\/przedszkole8.pl\/wp-content\/uploads\/2024\/01\/IMG_3687-300x225.jpeg?resize=300%2C225&#038;ssl=1\" alt=\"img_3687\" width=\"300\" height=\"225\" \/><\/a><\/p>\n","protected":false},"excerpt":{"rendered":"<p>W pi\u0105tek 26 stycznia po raz kolejny byli\u015bmy na zaj\u0119ciach organizowanych przez Bibliotek\u0119 Miejsk\u0105 tym razem tematem spotkania by\u0142a Zima \u26c4\ufe0f<\/p>\n","protected":false},"author":20,"featured_media":0,"comment_status":"closed","ping_status":"closed","sticky":false,"template":"","format":"standard","meta":{"jetpack_post_was_ever_published":false,"_jetpack_newsletter_access":"","_jetpack_dont_email_post_to_subs":true,"_jetpack_newsletter_tier_id":0,"_jetpack_memberships_contains_paywalled_content":false,"_jetpack_memberships_contains_paid_content":false,"footnotes":"","jetpack_publicize_message":"","jetpack_publicize_feature_enabled":true,"jetpack_social_post_already_shared":true,"jetpack_social_options":{"image_generator_settings":{"template":"highway","default_image_id":0,"font":"","enabled":false},"version":2}},"categories":[46],"tags":[],"class_list":["post-13894","post","type-post","status-publish","format-standard","hentry","category-niedzwiadki-2023-2024"],"jetpack_publicize_connections":[],"jetpack_featured_media_url":"","jetpack_sharing_enabled":true,"jetpack_shortlink":"https:\/\/wp.me\/p7NQjT-3C6","jetpack-related-posts":[],"_links":{"self":[{"href":"https:\/\/przedszkole8.pl\/index.php?rest_route=\/wp\/v2\/posts\/13894","targetHints":{"allow":["GET"]}}],"collection":[{"href":"https:\/\/przedszkole8.pl\/index.php?rest_route=\/wp\/v2\/posts"}],"about":[{"href":"https:\/\/przedszkole8.pl\/index.php?rest_route=\/wp\/v2\/types\/post"}],"author":[{"embeddable":true,"href":"https:\/\/przedszkole8.pl\/index.php?rest_route=\/wp\/v2\/users\/20"}],"replies":[{"embeddable":true,"href":"https:\/\/przedszkole8.pl\/index.php?rest_route=%2Fwp%2Fv2%2Fcomments&post=13894"}],"version-history":[{"count":2,"href":"https:\/\/przedszkole8.pl\/index.php?rest_route=\/wp\/v2\/posts\/13894\/revisions"}],"predecessor-version":[{"id":13907,"href":"https:\/\/przedszkole8.pl\/index.php?rest_route=\/wp\/v2\/posts\/13894\/revisions\/13907"}],"wp:attachment":[{"href":"https:\/\/przedszkole8.pl\/index.php?rest_route=%2Fwp%2Fv2%2Fmedia&parent=13894"}],"wp:term":[{"taxonomy":"category","embeddable":true,"href":"https:\/\/przedszkole8.pl\/index.php?rest_route=%2Fwp%2Fv2%2Fcategories&post=13894"},{"taxonomy":"post_tag","embeddable":true,"href":"https:\/\/przedszkole8.pl\/index.php?rest_route=%2Fwp%2Fv2%2Ftags&post=13894"}],"curies":[{"name":"wp","href":"https:\/\/api.w.org\/{rel}","templated":true}]}}