{"id":13701,"date":"2024-01-11T21:13:08","date_gmt":"2024-01-11T21:13:08","guid":{"rendered":"http:\/\/przedszkole8.pl\/?p=13701"},"modified":"2024-01-11T21:13:08","modified_gmt":"2024-01-11T21:13:08","slug":"urodziny-lucji","status":"publish","type":"post","link":"https:\/\/przedszkole8.pl\/?p=13701","title":{"rendered":"Urodziny \u0141ucji"},"content":{"rendered":"<p>Przed Nowym Rokiem obchodzili\u015bmy w grupie Uszatk\u00f3w 4-te urodziny \u0141ucji. Jeszcze raz, wszystkiego najlepszego dla solenizantki!<a href=\"https:\/\/i0.wp.com\/przedszkole8.pl\/wp-content\/uploads\/2024\/01\/20231130_094759.jpg?ssl=1\"><img data-recalc-dims=\"1\" loading=\"lazy\" decoding=\"async\" class=\"alignnone size-large wp-image-13702\" src=\"https:\/\/i0.wp.com\/przedszkole8.pl\/wp-content\/uploads\/2024\/01\/20231130_094759-1024x768.jpg?resize=550%2C413&#038;ssl=1\" alt=\"20231130_094759\" width=\"550\" height=\"413\" \/><\/a> <a href=\"https:\/\/i0.wp.com\/przedszkole8.pl\/wp-content\/uploads\/2024\/01\/20231130_094836.jpg?ssl=1\"><img data-recalc-dims=\"1\" loading=\"lazy\" decoding=\"async\" class=\"alignnone size-large wp-image-13703\" src=\"https:\/\/i0.wp.com\/przedszkole8.pl\/wp-content\/uploads\/2024\/01\/20231130_094836-1024x768.jpg?resize=550%2C413&#038;ssl=1\" alt=\"20231130_094836\" width=\"550\" height=\"413\" \/><\/a> <a href=\"https:\/\/i0.wp.com\/przedszkole8.pl\/wp-content\/uploads\/2024\/01\/20231130_094937.jpg?ssl=1\"><img data-recalc-dims=\"1\" loading=\"lazy\" decoding=\"async\" class=\"alignnone size-large wp-image-13704\" src=\"https:\/\/i0.wp.com\/przedszkole8.pl\/wp-content\/uploads\/2024\/01\/20231130_094937-1024x768.jpg?resize=550%2C413&#038;ssl=1\" alt=\"20231130_094937\" width=\"550\" height=\"413\" \/><\/a> <a href=\"https:\/\/i0.wp.com\/przedszkole8.pl\/wp-content\/uploads\/2024\/01\/20231130_095011.jpg?ssl=1\"><img data-recalc-dims=\"1\" loading=\"lazy\" decoding=\"async\" class=\"alignnone size-large wp-image-13705\" src=\"https:\/\/i0.wp.com\/przedszkole8.pl\/wp-content\/uploads\/2024\/01\/20231130_095011-1024x768.jpg?resize=550%2C413&#038;ssl=1\" alt=\"20231130_095011\" width=\"550\" height=\"413\" \/><\/a> <a href=\"https:\/\/i0.wp.com\/przedszkole8.pl\/wp-content\/uploads\/2024\/01\/20231130_095046.jpg?ssl=1\"><img data-recalc-dims=\"1\" loading=\"lazy\" decoding=\"async\" class=\"alignnone size-large wp-image-13706\" src=\"https:\/\/i0.wp.com\/przedszkole8.pl\/wp-content\/uploads\/2024\/01\/20231130_095046-1024x768.jpg?resize=550%2C413&#038;ssl=1\" alt=\"20231130_095046\" width=\"550\" height=\"413\" \/><\/a> <a href=\"https:\/\/i0.wp.com\/przedszkole8.pl\/wp-content\/uploads\/2024\/01\/20231130_095052193.jpg?ssl=1\"><img data-recalc-dims=\"1\" loading=\"lazy\" decoding=\"async\" class=\"alignnone size-large wp-image-13707\" src=\"https:\/\/i0.wp.com\/przedszkole8.pl\/wp-content\/uploads\/2024\/01\/20231130_095052193-1024x768.jpg?resize=550%2C413&#038;ssl=1\" alt=\"20231130_095052193\" width=\"550\" height=\"413\" \/><\/a><\/p>\n","protected":false},"excerpt":{"rendered":"<p>Przed Nowym Rokiem obchodzili\u015bmy w grupie Uszatk\u00f3w 4-te urodziny \u0141ucji. Jeszcze raz, wszystkiego najlepszego dla solenizantki!<\/p>\n","protected":false},"author":28,"featured_media":0,"comment_status":"closed","ping_status":"closed","sticky":false,"template":"","format":"standard","meta":{"jetpack_post_was_ever_published":false,"_jetpack_newsletter_access":"","_jetpack_dont_email_post_to_subs":false,"_jetpack_newsletter_tier_id":0,"_jetpack_memberships_contains_paywalled_content":false,"_jetpack_memberships_contains_paid_content":false,"footnotes":"","jetpack_publicize_message":"","jetpack_publicize_feature_enabled":true,"jetpack_social_post_already_shared":true,"jetpack_social_options":{"image_generator_settings":{"template":"highway","default_image_id":0,"font":"","enabled":false},"version":2}},"categories":[43],"tags":[],"class_list":["post-13701","post","type-post","status-publish","format-standard","hentry","category-uszatki-2023-2024"],"jetpack_publicize_connections":[],"jetpack_featured_media_url":"","jetpack_sharing_enabled":true,"jetpack_shortlink":"https:\/\/wp.me\/p7NQjT-3yZ","jetpack-related-posts":[],"_links":{"self":[{"href":"https:\/\/przedszkole8.pl\/index.php?rest_route=\/wp\/v2\/posts\/13701","targetHints":{"allow":["GET"]}}],"collection":[{"href":"https:\/\/przedszkole8.pl\/index.php?rest_route=\/wp\/v2\/posts"}],"about":[{"href":"https:\/\/przedszkole8.pl\/index.php?rest_route=\/wp\/v2\/types\/post"}],"author":[{"embeddable":true,"href":"https:\/\/przedszkole8.pl\/index.php?rest_route=\/wp\/v2\/users\/28"}],"replies":[{"embeddable":true,"href":"https:\/\/przedszkole8.pl\/index.php?rest_route=%2Fwp%2Fv2%2Fcomments&post=13701"}],"version-history":[{"count":1,"href":"https:\/\/przedszkole8.pl\/index.php?rest_route=\/wp\/v2\/posts\/13701\/revisions"}],"predecessor-version":[{"id":13708,"href":"https:\/\/przedszkole8.pl\/index.php?rest_route=\/wp\/v2\/posts\/13701\/revisions\/13708"}],"wp:attachment":[{"href":"https:\/\/przedszkole8.pl\/index.php?rest_route=%2Fwp%2Fv2%2Fmedia&parent=13701"}],"wp:term":[{"taxonomy":"category","embeddable":true,"href":"https:\/\/przedszkole8.pl\/index.php?rest_route=%2Fwp%2Fv2%2Fcategories&post=13701"},{"taxonomy":"post_tag","embeddable":true,"href":"https:\/\/przedszkole8.pl\/index.php?rest_route=%2Fwp%2Fv2%2Ftags&post=13701"}],"curies":[{"name":"wp","href":"https:\/\/api.w.org\/{rel}","templated":true}]}}