{"id":13682,"date":"2024-01-11T16:53:15","date_gmt":"2024-01-11T16:53:15","guid":{"rendered":"http:\/\/przedszkole8.pl\/?p=13682"},"modified":"2024-01-11T16:54:40","modified_gmt":"2024-01-11T16:54:40","slug":"warsztaty-bebniarskie-2","status":"publish","type":"post","link":"https:\/\/przedszkole8.pl\/?p=13682","title":{"rendered":"Warsztaty b\u0119bniarskie"},"content":{"rendered":"<hr \/>\n<p style=\"text-align: center\">W czwartek 11.01 \u00a0odby\u0142y si\u0119 warsztaty , dzieci mia\u0142y mo\u017cliwo\u015b\u0107 grania na b\u0119bnach oraz wys\u0142uchania d\u017awi\u0119k\u00f3w z nietypowych instrument\u00f3w takich jak drumla, dzidziridu , kachon , drzewo deszczu , bongosy, darbuka ,udu ,koncha ,okaryna, flet india\u0144ski , kazoo<\/p>\n<p><a href=\"https:\/\/i0.wp.com\/przedszkole8.pl\/wp-content\/uploads\/2024\/01\/IMG_3627.jpeg?ssl=1\"><img data-recalc-dims=\"1\" loading=\"lazy\" decoding=\"async\" class=\"alignnone size-medium wp-image-13688\" src=\"https:\/\/i0.wp.com\/przedszkole8.pl\/wp-content\/uploads\/2024\/01\/IMG_3627-300x225.jpeg?resize=300%2C225&#038;ssl=1\" alt=\"img_3627\" width=\"300\" height=\"225\" \/><\/a> <a href=\"https:\/\/i0.wp.com\/przedszkole8.pl\/wp-content\/uploads\/2024\/01\/IMG_3629.jpeg?ssl=1\"><img data-recalc-dims=\"1\" loading=\"lazy\" decoding=\"async\" class=\"alignnone size-medium wp-image-13689\" src=\"https:\/\/i0.wp.com\/przedszkole8.pl\/wp-content\/uploads\/2024\/01\/IMG_3629-300x225.jpeg?resize=300%2C225&#038;ssl=1\" alt=\"img_3629\" width=\"300\" height=\"225\" \/><\/a> <a href=\"https:\/\/i0.wp.com\/przedszkole8.pl\/wp-content\/uploads\/2024\/01\/IMG_3635.jpeg?ssl=1\"><img data-recalc-dims=\"1\" loading=\"lazy\" decoding=\"async\" class=\"alignnone size-medium wp-image-13690\" src=\"https:\/\/i0.wp.com\/przedszkole8.pl\/wp-content\/uploads\/2024\/01\/IMG_3635-300x225.jpeg?resize=300%2C225&#038;ssl=1\" alt=\"img_3635\" width=\"300\" height=\"225\" \/><\/a> <a href=\"https:\/\/i0.wp.com\/przedszkole8.pl\/wp-content\/uploads\/2024\/01\/IMG_3640.jpeg?ssl=1\"><img data-recalc-dims=\"1\" loading=\"lazy\" decoding=\"async\" class=\"alignnone size-medium wp-image-13691\" src=\"https:\/\/i0.wp.com\/przedszkole8.pl\/wp-content\/uploads\/2024\/01\/IMG_3640-300x225.jpeg?resize=300%2C225&#038;ssl=1\" alt=\"img_3640\" width=\"300\" height=\"225\" \/><\/a> <a href=\"https:\/\/przedszkole8.pl\/wp-content\/uploads\/2024\/01\/IMG_3632.mov\">img_3632<\/a><\/p>\n","protected":false},"excerpt":{"rendered":"<p>W czwartek 11.01 \u00a0odby\u0142y si\u0119 warsztaty , dzieci mia\u0142y mo\u017cliwo\u015b\u0107 grania na b\u0119bnach oraz wys\u0142uchania d\u017awi\u0119k\u00f3w z nietypowych instrument\u00f3w takich jak drumla, dzidziridu , kachon , drzewo deszczu , bongosy, darbuka ,udu ,koncha ,okaryna, flet india\u0144ski , kazoo img_3632<\/p>\n","protected":false},"author":20,"featured_media":0,"comment_status":"closed","ping_status":"closed","sticky":false,"template":"","format":"standard","meta":{"jetpack_post_was_ever_published":false,"_jetpack_newsletter_access":"","_jetpack_dont_email_post_to_subs":true,"_jetpack_newsletter_tier_id":0,"_jetpack_memberships_contains_paywalled_content":false,"_jetpack_memberships_contains_paid_content":false,"footnotes":"","jetpack_publicize_message":"","jetpack_publicize_feature_enabled":true,"jetpack_social_post_already_shared":true,"jetpack_social_options":{"image_generator_settings":{"template":"highway","default_image_id":0,"font":"","enabled":false},"version":2}},"categories":[46],"tags":[],"class_list":["post-13682","post","type-post","status-publish","format-standard","hentry","category-niedzwiadki-2023-2024"],"jetpack_publicize_connections":[],"jetpack_featured_media_url":"","jetpack_sharing_enabled":true,"jetpack_shortlink":"https:\/\/wp.me\/p7NQjT-3yG","jetpack-related-posts":[],"_links":{"self":[{"href":"https:\/\/przedszkole8.pl\/index.php?rest_route=\/wp\/v2\/posts\/13682","targetHints":{"allow":["GET"]}}],"collection":[{"href":"https:\/\/przedszkole8.pl\/index.php?rest_route=\/wp\/v2\/posts"}],"about":[{"href":"https:\/\/przedszkole8.pl\/index.php?rest_route=\/wp\/v2\/types\/post"}],"author":[{"embeddable":true,"href":"https:\/\/przedszkole8.pl\/index.php?rest_route=\/wp\/v2\/users\/20"}],"replies":[{"embeddable":true,"href":"https:\/\/przedszkole8.pl\/index.php?rest_route=%2Fwp%2Fv2%2Fcomments&post=13682"}],"version-history":[{"count":4,"href":"https:\/\/przedszkole8.pl\/index.php?rest_route=\/wp\/v2\/posts\/13682\/revisions"}],"predecessor-version":[{"id":13696,"href":"https:\/\/przedszkole8.pl\/index.php?rest_route=\/wp\/v2\/posts\/13682\/revisions\/13696"}],"wp:attachment":[{"href":"https:\/\/przedszkole8.pl\/index.php?rest_route=%2Fwp%2Fv2%2Fmedia&parent=13682"}],"wp:term":[{"taxonomy":"category","embeddable":true,"href":"https:\/\/przedszkole8.pl\/index.php?rest_route=%2Fwp%2Fv2%2Fcategories&post=13682"},{"taxonomy":"post_tag","embeddable":true,"href":"https:\/\/przedszkole8.pl\/index.php?rest_route=%2Fwp%2Fv2%2Ftags&post=13682"}],"curies":[{"name":"wp","href":"https:\/\/api.w.org\/{rel}","templated":true}]}}