{"id":12856,"date":"2023-07-24T09:58:32","date_gmt":"2023-07-24T09:58:32","guid":{"rendered":"http:\/\/przedszkole8.pl\/?p=12856"},"modified":"2023-07-24T09:58:32","modified_gmt":"2023-07-24T09:58:32","slug":"podziekowanie-2","status":"publish","type":"post","link":"https:\/\/przedszkole8.pl\/?p=12856","title":{"rendered":"Podzi\u0119kowanie"},"content":{"rendered":"<p>Z dniem 31 sierpnia rezygnuj\u0119 ze stanowiska Dyrektora Przedszkola nr 8 &#8222;Pluszowy Misiaczek&#8221;. Chcia\u0142abym Pa\u0144stwu bardzo serdecznie podzi\u0119kowa\u0107 za te p\u00f3\u0142torej roku wsp\u00f3\u0142pracy, za Pa\u0144stwa wsparcie, zaanga\u017cowanie, pozytywn\u0105 energi\u0119 i dobre s\u0142owo. Zostaj\u0119 w przedszkolu jako nauczyciel. Od 01 wrze\u015bnia razem z pani\u0105 Natali\u0105 Pepli\u0144sk\u0105 (obecn\u0105 wicedyrektor) b\u0119d\u0119 prowadzi\u0142a grup\u0119 I &#8222;Puchatki&#8221;. \u017bycz\u0119 Pa\u0144stwu wszystkiego dobrego i owocnej wsp\u00f3\u0142pracy z nowym dyrektorem plac\u00f3wki, kt\u00f3ry wy\u0142oniony zostanie w konkursie dnia 30 sierpnia br.<br \/>\nZ pozdrowieniami,<br \/>\nAgnieszka Wrona<\/p>\n","protected":false},"excerpt":{"rendered":"<p>Z dniem 31 sierpnia rezygnuj\u0119 ze stanowiska Dyrektora Przedszkola nr 8 &#8222;Pluszowy Misiaczek&#8221;. Chcia\u0142abym Pa\u0144stwu bardzo serdecznie podzi\u0119kowa\u0107 za te p\u00f3\u0142torej roku wsp\u00f3\u0142pracy, za Pa\u0144stwa wsparcie, zaanga\u017cowanie, pozytywn\u0105 energi\u0119 i dobre s\u0142owo. Zostaj\u0119 w przedszkolu jako nauczyciel. Od 01 wrze\u015bnia razem z pani\u0105 Natali\u0105 Pepli\u0144sk\u0105 (obecn\u0105 wicedyrektor) b\u0119d\u0119 prowadzi\u0142a grup\u0119 I &#8222;Puchatki&#8221;. \u017bycz\u0119 Pa\u0144stwu wszystkiego<\/p>\n","protected":false},"author":1,"featured_media":0,"comment_status":"closed","ping_status":"closed","sticky":false,"template":"","format":"standard","meta":{"jetpack_post_was_ever_published":false,"_jetpack_newsletter_access":"","_jetpack_dont_email_post_to_subs":false,"_jetpack_newsletter_tier_id":0,"_jetpack_memberships_contains_paywalled_content":false,"_jetpack_memberships_contains_paid_content":false,"footnotes":"","jetpack_publicize_message":"","jetpack_publicize_feature_enabled":true,"jetpack_social_post_already_shared":true,"jetpack_social_options":{"image_generator_settings":{"template":"highway","default_image_id":0,"font":"","enabled":false},"version":2}},"categories":[16],"tags":[],"class_list":["post-12856","post","type-post","status-publish","format-standard","hentry","category-nowosci"],"jetpack_publicize_connections":[],"jetpack_featured_media_url":"","jetpack_sharing_enabled":true,"jetpack_shortlink":"https:\/\/wp.me\/p7NQjT-3lm","jetpack-related-posts":[],"_links":{"self":[{"href":"https:\/\/przedszkole8.pl\/index.php?rest_route=\/wp\/v2\/posts\/12856","targetHints":{"allow":["GET"]}}],"collection":[{"href":"https:\/\/przedszkole8.pl\/index.php?rest_route=\/wp\/v2\/posts"}],"about":[{"href":"https:\/\/przedszkole8.pl\/index.php?rest_route=\/wp\/v2\/types\/post"}],"author":[{"embeddable":true,"href":"https:\/\/przedszkole8.pl\/index.php?rest_route=\/wp\/v2\/users\/1"}],"replies":[{"embeddable":true,"href":"https:\/\/przedszkole8.pl\/index.php?rest_route=%2Fwp%2Fv2%2Fcomments&post=12856"}],"version-history":[{"count":1,"href":"https:\/\/przedszkole8.pl\/index.php?rest_route=\/wp\/v2\/posts\/12856\/revisions"}],"predecessor-version":[{"id":12857,"href":"https:\/\/przedszkole8.pl\/index.php?rest_route=\/wp\/v2\/posts\/12856\/revisions\/12857"}],"wp:attachment":[{"href":"https:\/\/przedszkole8.pl\/index.php?rest_route=%2Fwp%2Fv2%2Fmedia&parent=12856"}],"wp:term":[{"taxonomy":"category","embeddable":true,"href":"https:\/\/przedszkole8.pl\/index.php?rest_route=%2Fwp%2Fv2%2Fcategories&post=12856"},{"taxonomy":"post_tag","embeddable":true,"href":"https:\/\/przedszkole8.pl\/index.php?rest_route=%2Fwp%2Fv2%2Ftags&post=12856"}],"curies":[{"name":"wp","href":"https:\/\/api.w.org\/{rel}","templated":true}]}}