{"id":12838,"date":"2023-07-07T07:59:07","date_gmt":"2023-07-07T07:59:07","guid":{"rendered":"http:\/\/przedszkole8.pl\/?p=12838"},"modified":"2023-07-07T07:59:07","modified_gmt":"2023-07-07T07:59:07","slug":"awaria-czytnika","status":"publish","type":"post","link":"https:\/\/przedszkole8.pl\/?p=12838","title":{"rendered":"Awaria czytnika"},"content":{"rendered":"<p>Nowy czytnik kart mieszka\u0144ca najprawdopodobniej b\u0119dzie funkcjonowa\u0142 od czwartku 13.07.2023 r. Do tego czasu godziny pobytu dzieci b\u0119d\u0105 wprowadzane do systemu na podstawie obecno\u015bci odnotowywanych w dziennikach zaj\u0119\u0107 poszczeg\u00f3lnych grup.<br \/>\nZa utrudnienia przepraszamy.<\/p>\n","protected":false},"excerpt":{"rendered":"<p>Nowy czytnik kart mieszka\u0144ca najprawdopodobniej b\u0119dzie funkcjonowa\u0142 od czwartku 13.07.2023 r. Do tego czasu godziny pobytu dzieci b\u0119d\u0105 wprowadzane do systemu na podstawie obecno\u015bci odnotowywanych w dziennikach zaj\u0119\u0107 poszczeg\u00f3lnych grup. Za utrudnienia przepraszamy.<\/p>\n","protected":false},"author":1,"featured_media":0,"comment_status":"closed","ping_status":"closed","sticky":false,"template":"","format":"standard","meta":{"jetpack_post_was_ever_published":false,"_jetpack_newsletter_access":"","_jetpack_dont_email_post_to_subs":false,"_jetpack_newsletter_tier_id":0,"_jetpack_memberships_contains_paywalled_content":false,"_jetpack_memberships_contains_paid_content":false,"footnotes":"","jetpack_publicize_message":"","jetpack_publicize_feature_enabled":true,"jetpack_social_post_already_shared":true,"jetpack_social_options":{"image_generator_settings":{"template":"highway","default_image_id":0,"font":"","enabled":false},"version":2}},"categories":[16],"tags":[],"class_list":["post-12838","post","type-post","status-publish","format-standard","hentry","category-nowosci"],"jetpack_publicize_connections":[],"jetpack_featured_media_url":"","jetpack_sharing_enabled":true,"jetpack_shortlink":"https:\/\/wp.me\/p7NQjT-3l4","jetpack-related-posts":[],"_links":{"self":[{"href":"https:\/\/przedszkole8.pl\/index.php?rest_route=\/wp\/v2\/posts\/12838","targetHints":{"allow":["GET"]}}],"collection":[{"href":"https:\/\/przedszkole8.pl\/index.php?rest_route=\/wp\/v2\/posts"}],"about":[{"href":"https:\/\/przedszkole8.pl\/index.php?rest_route=\/wp\/v2\/types\/post"}],"author":[{"embeddable":true,"href":"https:\/\/przedszkole8.pl\/index.php?rest_route=\/wp\/v2\/users\/1"}],"replies":[{"embeddable":true,"href":"https:\/\/przedszkole8.pl\/index.php?rest_route=%2Fwp%2Fv2%2Fcomments&post=12838"}],"version-history":[{"count":1,"href":"https:\/\/przedszkole8.pl\/index.php?rest_route=\/wp\/v2\/posts\/12838\/revisions"}],"predecessor-version":[{"id":12839,"href":"https:\/\/przedszkole8.pl\/index.php?rest_route=\/wp\/v2\/posts\/12838\/revisions\/12839"}],"wp:attachment":[{"href":"https:\/\/przedszkole8.pl\/index.php?rest_route=%2Fwp%2Fv2%2Fmedia&parent=12838"}],"wp:term":[{"taxonomy":"category","embeddable":true,"href":"https:\/\/przedszkole8.pl\/index.php?rest_route=%2Fwp%2Fv2%2Fcategories&post=12838"},{"taxonomy":"post_tag","embeddable":true,"href":"https:\/\/przedszkole8.pl\/index.php?rest_route=%2Fwp%2Fv2%2Ftags&post=12838"}],"curies":[{"name":"wp","href":"https:\/\/api.w.org\/{rel}","templated":true}]}}