{"id":12799,"date":"2023-06-27T15:08:06","date_gmt":"2023-06-27T15:08:06","guid":{"rendered":"http:\/\/przedszkole8.pl\/?p=12799"},"modified":"2023-06-27T15:08:06","modified_gmt":"2023-06-27T15:08:06","slug":"w-miejskiej-bibliotece","status":"publish","type":"post","link":"https:\/\/przedszkole8.pl\/?p=12799","title":{"rendered":"W Miejskiej Bibliotece"},"content":{"rendered":"<p>W \u015brod\u0119 21 czerwca brali\u015bmy udzia\u0142 w zaj\u0119ciach dydaktycznych pt. &#8222;W oceanie&#8221;. Rozwi\u0105zywali\u015bmy zagadki o stworzeniach \u017cyj\u0105cych w morzach i oceanach, s\u0142uchali\u015bmy bajki o rekinie, kt\u00f3remu brakowa\u0142o przyjaciela, ogl\u0105dali\u015bmy pi\u0119kne ksi\u0105\u017cki o podwodnym \u015bwiecie i zrobili\u015bmy o\u015bmiornic\u0119 z tekturowej rolki. Bardzo lubimy chodzi\u0107 do biblioteki i\u00a0 pani\u0105, kt\u00f3ra nam czyta i prowadzi z nami ciekawe zaj\u0119cia.<\/p>\n<p><a href=\"https:\/\/i0.wp.com\/przedszkole8.pl\/wp-content\/uploads\/2023\/06\/1687801211338.jpg?ssl=1\"><img data-recalc-dims=\"1\" loading=\"lazy\" decoding=\"async\" class=\"alignnone size-medium wp-image-12800\" src=\"https:\/\/i0.wp.com\/przedszkole8.pl\/wp-content\/uploads\/2023\/06\/1687801211338-300x169.jpg?resize=300%2C169&#038;ssl=1\" alt=\"1687801211338\" width=\"300\" height=\"169\" \/><\/a><\/p>\n<p><a href=\"https:\/\/i0.wp.com\/przedszkole8.pl\/wp-content\/uploads\/2023\/06\/1687801228281.jpg?ssl=1\"><img data-recalc-dims=\"1\" loading=\"lazy\" decoding=\"async\" class=\"alignnone size-medium wp-image-12801\" src=\"https:\/\/i0.wp.com\/przedszkole8.pl\/wp-content\/uploads\/2023\/06\/1687801228281-300x169.jpg?resize=300%2C169&#038;ssl=1\" alt=\"1687801228281\" width=\"300\" height=\"169\" \/><\/a><\/p>\n<p><a href=\"https:\/\/i0.wp.com\/przedszkole8.pl\/wp-content\/uploads\/2023\/06\/1687801398050.jpg?ssl=1\"><img data-recalc-dims=\"1\" loading=\"lazy\" decoding=\"async\" class=\"alignnone size-medium wp-image-12802\" src=\"https:\/\/i0.wp.com\/przedszkole8.pl\/wp-content\/uploads\/2023\/06\/1687801398050-300x169.jpg?resize=300%2C169&#038;ssl=1\" alt=\"1687801398050\" width=\"300\" height=\"169\" \/><\/a><\/p>\n<p><a href=\"https:\/\/i0.wp.com\/przedszkole8.pl\/wp-content\/uploads\/2023\/06\/1687801376930.jpg?ssl=1\"><img data-recalc-dims=\"1\" loading=\"lazy\" decoding=\"async\" class=\"alignnone size-medium wp-image-12803\" src=\"https:\/\/i0.wp.com\/przedszkole8.pl\/wp-content\/uploads\/2023\/06\/1687801376930-300x169.jpg?resize=300%2C169&#038;ssl=1\" alt=\"1687801376930\" width=\"300\" height=\"169\" \/><\/a><\/p>\n","protected":false},"excerpt":{"rendered":"<p>W \u015brod\u0119 21 czerwca brali\u015bmy udzia\u0142 w zaj\u0119ciach dydaktycznych pt. &#8222;W oceanie&#8221;. Rozwi\u0105zywali\u015bmy zagadki o stworzeniach \u017cyj\u0105cych w morzach i oceanach, s\u0142uchali\u015bmy bajki o rekinie, kt\u00f3remu brakowa\u0142o przyjaciela, ogl\u0105dali\u015bmy pi\u0119kne ksi\u0105\u017cki o podwodnym \u015bwiecie i zrobili\u015bmy o\u015bmiornic\u0119 z tekturowej rolki. Bardzo lubimy chodzi\u0107 do biblioteki i\u00a0 pani\u0105, kt\u00f3ra nam czyta i prowadzi z nami ciekawe<\/p>\n","protected":false},"author":20,"featured_media":0,"comment_status":"closed","ping_status":"closed","sticky":false,"template":"","format":"standard","meta":{"jetpack_post_was_ever_published":false,"_jetpack_newsletter_access":"","_jetpack_dont_email_post_to_subs":false,"_jetpack_newsletter_tier_id":0,"_jetpack_memberships_contains_paywalled_content":false,"_jetpack_memberships_contains_paid_content":false,"footnotes":"","jetpack_publicize_message":"","jetpack_publicize_feature_enabled":true,"jetpack_social_post_already_shared":true,"jetpack_social_options":{"image_generator_settings":{"template":"highway","default_image_id":0,"font":"","enabled":false},"version":2}},"categories":[40],"tags":[],"class_list":["post-12799","post","type-post","status-publish","format-standard","hentry","category-gumisie-2022-2023"],"jetpack_publicize_connections":[],"jetpack_featured_media_url":"","jetpack_sharing_enabled":true,"jetpack_shortlink":"https:\/\/wp.me\/p7NQjT-3kr","jetpack-related-posts":[],"_links":{"self":[{"href":"https:\/\/przedszkole8.pl\/index.php?rest_route=\/wp\/v2\/posts\/12799","targetHints":{"allow":["GET"]}}],"collection":[{"href":"https:\/\/przedszkole8.pl\/index.php?rest_route=\/wp\/v2\/posts"}],"about":[{"href":"https:\/\/przedszkole8.pl\/index.php?rest_route=\/wp\/v2\/types\/post"}],"author":[{"embeddable":true,"href":"https:\/\/przedszkole8.pl\/index.php?rest_route=\/wp\/v2\/users\/20"}],"replies":[{"embeddable":true,"href":"https:\/\/przedszkole8.pl\/index.php?rest_route=%2Fwp%2Fv2%2Fcomments&post=12799"}],"version-history":[{"count":1,"href":"https:\/\/przedszkole8.pl\/index.php?rest_route=\/wp\/v2\/posts\/12799\/revisions"}],"predecessor-version":[{"id":12804,"href":"https:\/\/przedszkole8.pl\/index.php?rest_route=\/wp\/v2\/posts\/12799\/revisions\/12804"}],"wp:attachment":[{"href":"https:\/\/przedszkole8.pl\/index.php?rest_route=%2Fwp%2Fv2%2Fmedia&parent=12799"}],"wp:term":[{"taxonomy":"category","embeddable":true,"href":"https:\/\/przedszkole8.pl\/index.php?rest_route=%2Fwp%2Fv2%2Fcategories&post=12799"},{"taxonomy":"post_tag","embeddable":true,"href":"https:\/\/przedszkole8.pl\/index.php?rest_route=%2Fwp%2Fv2%2Ftags&post=12799"}],"curies":[{"name":"wp","href":"https:\/\/api.w.org\/{rel}","templated":true}]}}