{"id":12757,"date":"2023-06-19T13:00:10","date_gmt":"2023-06-19T13:00:10","guid":{"rendered":"http:\/\/przedszkole8.pl\/?p=12757"},"modified":"2023-06-19T13:02:23","modified_gmt":"2023-06-19T13:02:23","slug":"wycieczka-do-stena-line-%ef%b8%8f","status":"publish","type":"post","link":"https:\/\/przedszkole8.pl\/?p=12757","title":{"rendered":"Wycieczka do  Portu Stena Line\ufe0f"},"content":{"rendered":"<hr \/>\n<p style=\"text-align: center\">W poniedzia\u0142ek 19 czerwca byli\u015bmy na wycieczce w Porcie Stena Line i zwiedzali\u015bmy prom Stena Ebba<\/p>\n<p><a href=\"https:\/\/i0.wp.com\/przedszkole8.pl\/wp-content\/uploads\/2023\/06\/IMG_2209.jpeg?ssl=1\"><img data-recalc-dims=\"1\" loading=\"lazy\" decoding=\"async\" class=\"alignnone size-medium wp-image-12758\" src=\"https:\/\/i0.wp.com\/przedszkole8.pl\/wp-content\/uploads\/2023\/06\/IMG_2209-300x225.jpeg?resize=300%2C225&#038;ssl=1\" alt=\"img_2209\" width=\"300\" height=\"225\" \/><\/a> <a href=\"https:\/\/i0.wp.com\/przedszkole8.pl\/wp-content\/uploads\/2023\/06\/IMG_2213.jpeg?ssl=1\"><img data-recalc-dims=\"1\" loading=\"lazy\" decoding=\"async\" class=\"alignnone size-medium wp-image-12759\" src=\"https:\/\/i0.wp.com\/przedszkole8.pl\/wp-content\/uploads\/2023\/06\/IMG_2213-300x225.jpeg?resize=300%2C225&#038;ssl=1\" alt=\"img_2213\" width=\"300\" height=\"225\" \/><\/a> <a href=\"https:\/\/i0.wp.com\/przedszkole8.pl\/wp-content\/uploads\/2023\/06\/IMG_2217.jpeg?ssl=1\"><img data-recalc-dims=\"1\" loading=\"lazy\" decoding=\"async\" class=\"alignnone size-medium wp-image-12760\" src=\"https:\/\/i0.wp.com\/przedszkole8.pl\/wp-content\/uploads\/2023\/06\/IMG_2217-300x225.jpeg?resize=300%2C225&#038;ssl=1\" alt=\"img_2217\" width=\"300\" height=\"225\" \/><\/a> <a href=\"https:\/\/i0.wp.com\/przedszkole8.pl\/wp-content\/uploads\/2023\/06\/IMG_2218.jpeg?ssl=1\"><img data-recalc-dims=\"1\" loading=\"lazy\" decoding=\"async\" class=\"alignnone size-medium wp-image-12761\" src=\"https:\/\/i0.wp.com\/przedszkole8.pl\/wp-content\/uploads\/2023\/06\/IMG_2218-300x225.jpeg?resize=300%2C225&#038;ssl=1\" alt=\"img_2218\" width=\"300\" height=\"225\" \/><\/a> <a href=\"https:\/\/i0.wp.com\/przedszkole8.pl\/wp-content\/uploads\/2023\/06\/IMG_2220.jpeg?ssl=1\"><img data-recalc-dims=\"1\" loading=\"lazy\" decoding=\"async\" class=\"alignnone size-medium wp-image-12762\" src=\"https:\/\/i0.wp.com\/przedszkole8.pl\/wp-content\/uploads\/2023\/06\/IMG_2220-300x225.jpeg?resize=300%2C225&#038;ssl=1\" alt=\"img_2220\" width=\"300\" height=\"225\" \/><\/a> <a href=\"https:\/\/i0.wp.com\/przedszkole8.pl\/wp-content\/uploads\/2023\/06\/IMG_2222.jpeg?ssl=1\"><img data-recalc-dims=\"1\" loading=\"lazy\" decoding=\"async\" class=\"alignnone size-medium wp-image-12763\" src=\"https:\/\/i0.wp.com\/przedszkole8.pl\/wp-content\/uploads\/2023\/06\/IMG_2222-300x225.jpeg?resize=300%2C225&#038;ssl=1\" alt=\"img_2222\" width=\"300\" height=\"225\" \/><\/a> <a href=\"https:\/\/i0.wp.com\/przedszkole8.pl\/wp-content\/uploads\/2023\/06\/IMG_2228.jpeg?ssl=1\"><img data-recalc-dims=\"1\" loading=\"lazy\" decoding=\"async\" class=\"alignnone size-medium wp-image-12764\" src=\"https:\/\/i0.wp.com\/przedszkole8.pl\/wp-content\/uploads\/2023\/06\/IMG_2228-300x225.jpeg?resize=300%2C225&#038;ssl=1\" alt=\"img_2228\" width=\"300\" height=\"225\" \/><\/a><\/p>\n","protected":false},"excerpt":{"rendered":"<p>W poniedzia\u0142ek 19 czerwca byli\u015bmy na wycieczce w Porcie Stena Line i zwiedzali\u015bmy prom Stena Ebba<\/p>\n","protected":false},"author":20,"featured_media":0,"comment_status":"closed","ping_status":"closed","sticky":false,"template":"","format":"standard","meta":{"jetpack_post_was_ever_published":false,"_jetpack_newsletter_access":"","_jetpack_dont_email_post_to_subs":true,"_jetpack_newsletter_tier_id":0,"_jetpack_memberships_contains_paywalled_content":false,"_jetpack_memberships_contains_paid_content":false,"footnotes":"","jetpack_publicize_message":"","jetpack_publicize_feature_enabled":true,"jetpack_social_post_already_shared":true,"jetpack_social_options":{"image_generator_settings":{"template":"highway","default_image_id":0,"font":"","enabled":false},"version":2}},"categories":[40],"tags":[],"class_list":["post-12757","post","type-post","status-publish","format-standard","hentry","category-gumisie-2022-2023"],"jetpack_publicize_connections":[],"jetpack_featured_media_url":"","jetpack_sharing_enabled":true,"jetpack_shortlink":"https:\/\/wp.me\/p7NQjT-3jL","jetpack-related-posts":[],"_links":{"self":[{"href":"https:\/\/przedszkole8.pl\/index.php?rest_route=\/wp\/v2\/posts\/12757","targetHints":{"allow":["GET"]}}],"collection":[{"href":"https:\/\/przedszkole8.pl\/index.php?rest_route=\/wp\/v2\/posts"}],"about":[{"href":"https:\/\/przedszkole8.pl\/index.php?rest_route=\/wp\/v2\/types\/post"}],"author":[{"embeddable":true,"href":"https:\/\/przedszkole8.pl\/index.php?rest_route=\/wp\/v2\/users\/20"}],"replies":[{"embeddable":true,"href":"https:\/\/przedszkole8.pl\/index.php?rest_route=%2Fwp%2Fv2%2Fcomments&post=12757"}],"version-history":[{"count":4,"href":"https:\/\/przedszkole8.pl\/index.php?rest_route=\/wp\/v2\/posts\/12757\/revisions"}],"predecessor-version":[{"id":12768,"href":"https:\/\/przedszkole8.pl\/index.php?rest_route=\/wp\/v2\/posts\/12757\/revisions\/12768"}],"wp:attachment":[{"href":"https:\/\/przedszkole8.pl\/index.php?rest_route=%2Fwp%2Fv2%2Fmedia&parent=12757"}],"wp:term":[{"taxonomy":"category","embeddable":true,"href":"https:\/\/przedszkole8.pl\/index.php?rest_route=%2Fwp%2Fv2%2Fcategories&post=12757"},{"taxonomy":"post_tag","embeddable":true,"href":"https:\/\/przedszkole8.pl\/index.php?rest_route=%2Fwp%2Fv2%2Ftags&post=12757"}],"curies":[{"name":"wp","href":"https:\/\/api.w.org\/{rel}","templated":true}]}}