{"id":12744,"date":"2023-06-15T19:10:08","date_gmt":"2023-06-15T19:10:08","guid":{"rendered":"http:\/\/przedszkole8.pl\/?p=12744"},"modified":"2023-06-15T19:10:08","modified_gmt":"2023-06-15T19:10:08","slug":"wazna-informacja-dotyczaca-wycieczki-na-statek-stena-line","status":"publish","type":"post","link":"https:\/\/przedszkole8.pl\/?p=12744","title":{"rendered":"Wa\u017cna informacja dotycz\u0105ca wycieczki na statek Stena Line"},"content":{"rendered":"<p>W poniedzia\u0142ek 19 czerwca wybieramy si\u0119 na wycieczk\u0119 do portu morskiego w celu zwiedzenia statku Stena Line. Prosimy, aby wszystkie dzieci by\u0142y tego dnia w przedszkolu przed godzin\u0105 8:00. \u015aniadanie b\u0119dzie przygotowane na godzin\u0119 7:35.<\/p>\n<p>&nbsp;<\/p>\n","protected":false},"excerpt":{"rendered":"<p>W poniedzia\u0142ek 19 czerwca wybieramy si\u0119 na wycieczk\u0119 do portu morskiego w celu zwiedzenia statku Stena Line. Prosimy, aby wszystkie dzieci by\u0142y tego dnia w przedszkolu przed godzin\u0105 8:00. \u015aniadanie b\u0119dzie przygotowane na godzin\u0119 7:35. &nbsp;<\/p>\n","protected":false},"author":20,"featured_media":0,"comment_status":"closed","ping_status":"closed","sticky":false,"template":"","format":"standard","meta":{"jetpack_post_was_ever_published":false,"_jetpack_newsletter_access":"","_jetpack_dont_email_post_to_subs":false,"_jetpack_newsletter_tier_id":0,"_jetpack_memberships_contains_paywalled_content":false,"_jetpack_memberships_contains_paid_content":false,"footnotes":"","jetpack_publicize_message":"","jetpack_publicize_feature_enabled":true,"jetpack_social_post_already_shared":true,"jetpack_social_options":{"image_generator_settings":{"template":"highway","default_image_id":0,"font":"","enabled":false},"version":2}},"categories":[40],"tags":[],"class_list":["post-12744","post","type-post","status-publish","format-standard","hentry","category-gumisie-2022-2023"],"jetpack_publicize_connections":[],"jetpack_featured_media_url":"","jetpack_sharing_enabled":true,"jetpack_shortlink":"https:\/\/wp.me\/p7NQjT-3jy","jetpack-related-posts":[],"_links":{"self":[{"href":"https:\/\/przedszkole8.pl\/index.php?rest_route=\/wp\/v2\/posts\/12744","targetHints":{"allow":["GET"]}}],"collection":[{"href":"https:\/\/przedszkole8.pl\/index.php?rest_route=\/wp\/v2\/posts"}],"about":[{"href":"https:\/\/przedszkole8.pl\/index.php?rest_route=\/wp\/v2\/types\/post"}],"author":[{"embeddable":true,"href":"https:\/\/przedszkole8.pl\/index.php?rest_route=\/wp\/v2\/users\/20"}],"replies":[{"embeddable":true,"href":"https:\/\/przedszkole8.pl\/index.php?rest_route=%2Fwp%2Fv2%2Fcomments&post=12744"}],"version-history":[{"count":1,"href":"https:\/\/przedszkole8.pl\/index.php?rest_route=\/wp\/v2\/posts\/12744\/revisions"}],"predecessor-version":[{"id":12745,"href":"https:\/\/przedszkole8.pl\/index.php?rest_route=\/wp\/v2\/posts\/12744\/revisions\/12745"}],"wp:attachment":[{"href":"https:\/\/przedszkole8.pl\/index.php?rest_route=%2Fwp%2Fv2%2Fmedia&parent=12744"}],"wp:term":[{"taxonomy":"category","embeddable":true,"href":"https:\/\/przedszkole8.pl\/index.php?rest_route=%2Fwp%2Fv2%2Fcategories&post=12744"},{"taxonomy":"post_tag","embeddable":true,"href":"https:\/\/przedszkole8.pl\/index.php?rest_route=%2Fwp%2Fv2%2Ftags&post=12744"}],"curies":[{"name":"wp","href":"https:\/\/api.w.org\/{rel}","templated":true}]}}