{"id":12739,"date":"2023-06-15T19:02:55","date_gmt":"2023-06-15T19:02:55","guid":{"rendered":"http:\/\/przedszkole8.pl\/?p=12739"},"modified":"2023-06-15T19:02:55","modified_gmt":"2023-06-15T19:02:55","slug":"wycieczka-do-mariny-2","status":"publish","type":"post","link":"https:\/\/przedszkole8.pl\/?p=12739","title":{"rendered":"Wycieczka do Mariny"},"content":{"rendered":"<p>W \u015brod\u0119 14 czerwca odby\u0142a si\u0119 wycieczka do Mariny, portu jachtowego w Gdyni. Zwiedzali\u015bmy port, brali\u015bmy udzia\u0142 w zaj\u0119ciach edukacyjnych w ramach realizacji gdy\u0144skiego programu &#8222;Gdynia na fali&#8221;. Dowiedzieli\u015bmy si\u0119 jak aktywnie i bezpiecznie sp\u0119dza\u0107 czas nad wod\u0105, jak zbudowany jest jacht i jaka jest frajda nim \u017ceglowa\u0107. Uwa\u017cnie s\u0142uchali\u015bmy naszych przewodnik\u00f3w i z powodzeniem zdali\u015bmy ma\u0142y test wiedzy. Cho\u0107 nagrody trafi\u0142y do najbardziej uwa\u017cnych s\u0142uchaczy, nie czuli\u015bmy si\u0119 pokrzywdzeni. Wszyscy dostali\u015bmy mi\u0142e upominki.<\/p>\n<p><a href=\"https:\/\/i0.wp.com\/przedszkole8.pl\/wp-content\/uploads\/2023\/06\/1686803044469.jpg?ssl=1\"><img data-recalc-dims=\"1\" loading=\"lazy\" decoding=\"async\" class=\"alignnone size-medium wp-image-12740\" src=\"https:\/\/i0.wp.com\/przedszkole8.pl\/wp-content\/uploads\/2023\/06\/1686803044469-300x169.jpg?resize=300%2C169&#038;ssl=1\" alt=\"1686803044469\" width=\"300\" height=\"169\" \/><\/a><\/p>\n<p><a href=\"https:\/\/i0.wp.com\/przedszkole8.pl\/wp-content\/uploads\/2023\/06\/1686803123671.jpg?ssl=1\"><img data-recalc-dims=\"1\" loading=\"lazy\" decoding=\"async\" class=\"alignnone size-medium wp-image-12741\" src=\"https:\/\/i0.wp.com\/przedszkole8.pl\/wp-content\/uploads\/2023\/06\/1686803123671-300x169.jpg?resize=300%2C169&#038;ssl=1\" alt=\"1686803123671\" width=\"300\" height=\"169\" \/><\/a><\/p>\n<p><a href=\"https:\/\/i0.wp.com\/przedszkole8.pl\/wp-content\/uploads\/2023\/06\/1686803164738.jpg?ssl=1\"><img data-recalc-dims=\"1\" loading=\"lazy\" decoding=\"async\" class=\"alignnone size-medium wp-image-12742\" src=\"https:\/\/i0.wp.com\/przedszkole8.pl\/wp-content\/uploads\/2023\/06\/1686803164738-300x169.jpg?resize=300%2C169&#038;ssl=1\" alt=\"1686803164738\" width=\"300\" height=\"169\" \/><\/a><\/p>\n","protected":false},"excerpt":{"rendered":"<p>W \u015brod\u0119 14 czerwca odby\u0142a si\u0119 wycieczka do Mariny, portu jachtowego w Gdyni. Zwiedzali\u015bmy port, brali\u015bmy udzia\u0142 w zaj\u0119ciach edukacyjnych w ramach realizacji gdy\u0144skiego programu &#8222;Gdynia na fali&#8221;. Dowiedzieli\u015bmy si\u0119 jak aktywnie i bezpiecznie sp\u0119dza\u0107 czas nad wod\u0105, jak zbudowany jest jacht i jaka jest frajda nim \u017ceglowa\u0107. Uwa\u017cnie s\u0142uchali\u015bmy naszych przewodnik\u00f3w i z powodzeniem<\/p>\n","protected":false},"author":20,"featured_media":0,"comment_status":"closed","ping_status":"closed","sticky":false,"template":"","format":"standard","meta":{"jetpack_post_was_ever_published":false,"_jetpack_newsletter_access":"","_jetpack_dont_email_post_to_subs":false,"_jetpack_newsletter_tier_id":0,"_jetpack_memberships_contains_paywalled_content":false,"_jetpack_memberships_contains_paid_content":false,"footnotes":"","jetpack_publicize_message":"","jetpack_publicize_feature_enabled":true,"jetpack_social_post_already_shared":true,"jetpack_social_options":{"image_generator_settings":{"template":"highway","default_image_id":0,"font":"","enabled":false},"version":2}},"categories":[40],"tags":[],"class_list":["post-12739","post","type-post","status-publish","format-standard","hentry","category-gumisie-2022-2023"],"jetpack_publicize_connections":[],"jetpack_featured_media_url":"","jetpack_sharing_enabled":true,"jetpack_shortlink":"https:\/\/wp.me\/p7NQjT-3jt","jetpack-related-posts":[],"_links":{"self":[{"href":"https:\/\/przedszkole8.pl\/index.php?rest_route=\/wp\/v2\/posts\/12739","targetHints":{"allow":["GET"]}}],"collection":[{"href":"https:\/\/przedszkole8.pl\/index.php?rest_route=\/wp\/v2\/posts"}],"about":[{"href":"https:\/\/przedszkole8.pl\/index.php?rest_route=\/wp\/v2\/types\/post"}],"author":[{"embeddable":true,"href":"https:\/\/przedszkole8.pl\/index.php?rest_route=\/wp\/v2\/users\/20"}],"replies":[{"embeddable":true,"href":"https:\/\/przedszkole8.pl\/index.php?rest_route=%2Fwp%2Fv2%2Fcomments&post=12739"}],"version-history":[{"count":1,"href":"https:\/\/przedszkole8.pl\/index.php?rest_route=\/wp\/v2\/posts\/12739\/revisions"}],"predecessor-version":[{"id":12743,"href":"https:\/\/przedszkole8.pl\/index.php?rest_route=\/wp\/v2\/posts\/12739\/revisions\/12743"}],"wp:attachment":[{"href":"https:\/\/przedszkole8.pl\/index.php?rest_route=%2Fwp%2Fv2%2Fmedia&parent=12739"}],"wp:term":[{"taxonomy":"category","embeddable":true,"href":"https:\/\/przedszkole8.pl\/index.php?rest_route=%2Fwp%2Fv2%2Fcategories&post=12739"},{"taxonomy":"post_tag","embeddable":true,"href":"https:\/\/przedszkole8.pl\/index.php?rest_route=%2Fwp%2Fv2%2Ftags&post=12739"}],"curies":[{"name":"wp","href":"https:\/\/api.w.org\/{rel}","templated":true}]}}