{"id":12487,"date":"2023-05-30T08:09:45","date_gmt":"2023-05-30T08:09:45","guid":{"rendered":"http:\/\/przedszkole8.pl\/?p=12487"},"modified":"2023-05-30T08:09:45","modified_gmt":"2023-05-30T08:09:45","slug":"rekrutacja-uzupelniajaca","status":"publish","type":"post","link":"https:\/\/przedszkole8.pl\/?p=12487","title":{"rendered":"Rekrutacja uzupe\u0142niaj\u0105ca"},"content":{"rendered":"<p>W terminie 29.05-02.06.2023 r. odbywa si\u0119 rekrutacja uzupe\u0142niaj\u0105ca. Przedszkole nr 8 dysponuje trzema wolnymi miejscami. Zainteresowanych rodzic\u00f3w prosimy o sk\u0142adanie wniosku elektronicznie na stronie <a href=\"https:\/\/naborp-kandydat.vulcan.net.pl\/gdynia\">https:\/\/naborp-kandydat.vulcan.net.pl\/gdynia<\/a>, nast\u0119pnie o wydrukowanie wniosku i dostarczenie do przedszkola wraz ze wszystkimi za\u0142\u0105cznikami wskazanymi we wniosku. Termin sk\u0142adania wniosk\u00f3w w rekrutacji uzupe\u0142niaj\u0105cej up\u0142ywa w pi\u0105tek 02.06.2023 r. o godzinie 16:00.<\/p>\n","protected":false},"excerpt":{"rendered":"<p>W terminie 29.05-02.06.2023 r. odbywa si\u0119 rekrutacja uzupe\u0142niaj\u0105ca. Przedszkole nr 8 dysponuje trzema wolnymi miejscami. Zainteresowanych rodzic\u00f3w prosimy o sk\u0142adanie wniosku elektronicznie na stronie https:\/\/naborp-kandydat.vulcan.net.pl\/gdynia, nast\u0119pnie o wydrukowanie wniosku i dostarczenie do przedszkola wraz ze wszystkimi za\u0142\u0105cznikami wskazanymi we wniosku. Termin sk\u0142adania wniosk\u00f3w w rekrutacji uzupe\u0142niaj\u0105cej up\u0142ywa w pi\u0105tek 02.06.2023 r. o godzinie 16:00.<\/p>\n","protected":false},"author":1,"featured_media":0,"comment_status":"closed","ping_status":"closed","sticky":false,"template":"","format":"standard","meta":{"jetpack_post_was_ever_published":false,"_jetpack_newsletter_access":"","_jetpack_dont_email_post_to_subs":false,"_jetpack_newsletter_tier_id":0,"_jetpack_memberships_contains_paywalled_content":false,"_jetpack_memberships_contains_paid_content":false,"footnotes":"","jetpack_publicize_message":"","jetpack_publicize_feature_enabled":true,"jetpack_social_post_already_shared":true,"jetpack_social_options":{"image_generator_settings":{"template":"highway","default_image_id":0,"font":"","enabled":false},"version":2}},"categories":[31],"tags":[],"class_list":["post-12487","post","type-post","status-publish","format-standard","hentry","category-rekrutacja"],"jetpack_publicize_connections":[],"jetpack_featured_media_url":"","jetpack_sharing_enabled":true,"jetpack_shortlink":"https:\/\/wp.me\/p7NQjT-3fp","jetpack-related-posts":[],"_links":{"self":[{"href":"https:\/\/przedszkole8.pl\/index.php?rest_route=\/wp\/v2\/posts\/12487","targetHints":{"allow":["GET"]}}],"collection":[{"href":"https:\/\/przedszkole8.pl\/index.php?rest_route=\/wp\/v2\/posts"}],"about":[{"href":"https:\/\/przedszkole8.pl\/index.php?rest_route=\/wp\/v2\/types\/post"}],"author":[{"embeddable":true,"href":"https:\/\/przedszkole8.pl\/index.php?rest_route=\/wp\/v2\/users\/1"}],"replies":[{"embeddable":true,"href":"https:\/\/przedszkole8.pl\/index.php?rest_route=%2Fwp%2Fv2%2Fcomments&post=12487"}],"version-history":[{"count":1,"href":"https:\/\/przedszkole8.pl\/index.php?rest_route=\/wp\/v2\/posts\/12487\/revisions"}],"predecessor-version":[{"id":12488,"href":"https:\/\/przedszkole8.pl\/index.php?rest_route=\/wp\/v2\/posts\/12487\/revisions\/12488"}],"wp:attachment":[{"href":"https:\/\/przedszkole8.pl\/index.php?rest_route=%2Fwp%2Fv2%2Fmedia&parent=12487"}],"wp:term":[{"taxonomy":"category","embeddable":true,"href":"https:\/\/przedszkole8.pl\/index.php?rest_route=%2Fwp%2Fv2%2Fcategories&post=12487"},{"taxonomy":"post_tag","embeddable":true,"href":"https:\/\/przedszkole8.pl\/index.php?rest_route=%2Fwp%2Fv2%2Ftags&post=12487"}],"curies":[{"name":"wp","href":"https:\/\/api.w.org\/{rel}","templated":true}]}}