{"id":12479,"date":"2023-05-29T14:20:14","date_gmt":"2023-05-29T14:20:14","guid":{"rendered":"http:\/\/przedszkole8.pl\/?p=12479"},"modified":"2023-05-29T14:20:14","modified_gmt":"2023-05-29T14:20:14","slug":"dzwonnik-z-notre-dame","status":"publish","type":"post","link":"https:\/\/przedszkole8.pl\/?p=12479","title":{"rendered":"Dzwonnik z Notre Dame"},"content":{"rendered":"<p>W \u015brod\u0119 24 maja wybrali\u015bmy si\u0119 do Hali Koncertowej Portu Gdynia na przedstawienie teatralne pt. &#8222;Dzwonnik z Notre Dame&#8221; &#8211; spektakl o szacunku do drugiego cz\u0142owieka i sile przyja\u017ani.<\/p>\n<p><a href=\"https:\/\/i0.wp.com\/przedszkole8.pl\/wp-content\/uploads\/2023\/05\/20230524_085222.jpg?ssl=1\"><img data-recalc-dims=\"1\" loading=\"lazy\" decoding=\"async\" class=\"alignnone size-medium wp-image-12475\" src=\"https:\/\/i0.wp.com\/przedszkole8.pl\/wp-content\/uploads\/2023\/05\/20230524_085222-300x169.jpg?resize=300%2C169&#038;ssl=1\" alt=\"20230524_085222\" width=\"300\" height=\"169\" \/><\/a> <a href=\"https:\/\/i0.wp.com\/przedszkole8.pl\/wp-content\/uploads\/2023\/05\/20230524_085233.jpg?ssl=1\"><img data-recalc-dims=\"1\" loading=\"lazy\" decoding=\"async\" class=\"alignnone size-medium wp-image-12476\" src=\"https:\/\/i0.wp.com\/przedszkole8.pl\/wp-content\/uploads\/2023\/05\/20230524_085233-300x169.jpg?resize=300%2C169&#038;ssl=1\" alt=\"20230524_085233\" width=\"300\" height=\"169\" \/><\/a><\/p>\n","protected":false},"excerpt":{"rendered":"<p>W \u015brod\u0119 24 maja wybrali\u015bmy si\u0119 do Hali Koncertowej Portu Gdynia na przedstawienie teatralne pt. &#8222;Dzwonnik z Notre Dame&#8221; &#8211; spektakl o szacunku do drugiego cz\u0142owieka i sile przyja\u017ani.<\/p>\n","protected":false},"author":24,"featured_media":0,"comment_status":"closed","ping_status":"closed","sticky":false,"template":"","format":"standard","meta":{"jetpack_post_was_ever_published":false,"_jetpack_newsletter_access":"","_jetpack_dont_email_post_to_subs":false,"_jetpack_newsletter_tier_id":0,"_jetpack_memberships_contains_paywalled_content":false,"_jetpack_memberships_contains_paid_content":false,"footnotes":"","jetpack_publicize_message":"","jetpack_publicize_feature_enabled":true,"jetpack_social_post_already_shared":true,"jetpack_social_options":{"image_generator_settings":{"template":"highway","default_image_id":0,"font":"","enabled":false},"version":2}},"categories":[38],"tags":[],"class_list":["post-12479","post","type-post","status-publish","format-standard","hentry","category-uszatki-2022-2023"],"jetpack_publicize_connections":[],"jetpack_featured_media_url":"","jetpack_sharing_enabled":true,"jetpack_shortlink":"https:\/\/wp.me\/p7NQjT-3fh","jetpack-related-posts":[],"_links":{"self":[{"href":"https:\/\/przedszkole8.pl\/index.php?rest_route=\/wp\/v2\/posts\/12479","targetHints":{"allow":["GET"]}}],"collection":[{"href":"https:\/\/przedszkole8.pl\/index.php?rest_route=\/wp\/v2\/posts"}],"about":[{"href":"https:\/\/przedszkole8.pl\/index.php?rest_route=\/wp\/v2\/types\/post"}],"author":[{"embeddable":true,"href":"https:\/\/przedszkole8.pl\/index.php?rest_route=\/wp\/v2\/users\/24"}],"replies":[{"embeddable":true,"href":"https:\/\/przedszkole8.pl\/index.php?rest_route=%2Fwp%2Fv2%2Fcomments&post=12479"}],"version-history":[{"count":1,"href":"https:\/\/przedszkole8.pl\/index.php?rest_route=\/wp\/v2\/posts\/12479\/revisions"}],"predecessor-version":[{"id":12480,"href":"https:\/\/przedszkole8.pl\/index.php?rest_route=\/wp\/v2\/posts\/12479\/revisions\/12480"}],"wp:attachment":[{"href":"https:\/\/przedszkole8.pl\/index.php?rest_route=%2Fwp%2Fv2%2Fmedia&parent=12479"}],"wp:term":[{"taxonomy":"category","embeddable":true,"href":"https:\/\/przedszkole8.pl\/index.php?rest_route=%2Fwp%2Fv2%2Fcategories&post=12479"},{"taxonomy":"post_tag","embeddable":true,"href":"https:\/\/przedszkole8.pl\/index.php?rest_route=%2Fwp%2Fv2%2Ftags&post=12479"}],"curies":[{"name":"wp","href":"https:\/\/api.w.org\/{rel}","templated":true}]}}