{"id":12463,"date":"2023-05-21T14:02:59","date_gmt":"2023-05-21T14:02:59","guid":{"rendered":"http:\/\/przedszkole8.pl\/?p=12463"},"modified":"2023-05-21T14:02:59","modified_gmt":"2023-05-21T14:02:59","slug":"wycieczka-do-kociewskiej-zagrody","status":"publish","type":"post","link":"https:\/\/przedszkole8.pl\/?p=12463","title":{"rendered":"Wycieczka do &#8222;Kociewskiej Zagrody&#8221;"},"content":{"rendered":"<p>Autokarowa wycieczka do Godziszewa odby\u0142a si\u0119 we wtorek 16 maja. W &#8222;Kociewskiej Zagrodzie&#8221; by\u0142o wspaniale, du\u017co przestrzeni, zieleni, zwierz\u0105t wiejskich i by\u0142y tam nawet alpaki. Najwi\u0119cej frajdy mieli\u015bmy podczas zabaw na \u015bwie\u017cym powietrzu: na poduchach powietrznych i wodnych, na stanowiskach do zabaw drewnian\u0105 kulk\u0105, w &#8222;Labiryncie d\u017awi\u0119k\u00f3w&#8221;, na &#8222;Sensorycznej \u015bcie\u017cce&#8221;, w &#8222;Ma\u0142pim gaju&#8221;, w &#8222;Kopalni z\u0142ota&#8221; i nie tylko. Mimo wielu chmur na niebie by\u0142o super!<\/p>\n<p><a href=\"https:\/\/i0.wp.com\/przedszkole8.pl\/wp-content\/uploads\/2023\/05\/1684594351958.jpg?ssl=1\"><img data-recalc-dims=\"1\" loading=\"lazy\" decoding=\"async\" class=\"alignnone size-medium wp-image-12464\" src=\"https:\/\/i0.wp.com\/przedszkole8.pl\/wp-content\/uploads\/2023\/05\/1684594351958-300x169.jpg?resize=300%2C169&#038;ssl=1\" alt=\"1684594351958\" width=\"300\" height=\"169\" \/><\/a><\/p>\n<p><a href=\"https:\/\/i0.wp.com\/przedszkole8.pl\/wp-content\/uploads\/2023\/05\/1684594434882.jpg?ssl=1\"><img data-recalc-dims=\"1\" loading=\"lazy\" decoding=\"async\" class=\"alignnone size-medium wp-image-12465\" src=\"https:\/\/i0.wp.com\/przedszkole8.pl\/wp-content\/uploads\/2023\/05\/1684594434882-300x169.jpg?resize=300%2C169&#038;ssl=1\" alt=\"1684594434882\" width=\"300\" height=\"169\" \/><\/a><\/p>\n<p><a href=\"https:\/\/i0.wp.com\/przedszkole8.pl\/wp-content\/uploads\/2023\/05\/1684594530654.jpg?ssl=1\"><img data-recalc-dims=\"1\" loading=\"lazy\" decoding=\"async\" class=\"alignnone size-medium wp-image-12466\" src=\"https:\/\/i0.wp.com\/przedszkole8.pl\/wp-content\/uploads\/2023\/05\/1684594530654-300x169.jpg?resize=300%2C169&#038;ssl=1\" alt=\"1684594530654\" width=\"300\" height=\"169\" \/><\/a><\/p>\n<p><a href=\"https:\/\/i0.wp.com\/przedszkole8.pl\/wp-content\/uploads\/2023\/05\/1684594618527.jpg?ssl=1\"><img data-recalc-dims=\"1\" loading=\"lazy\" decoding=\"async\" class=\"alignnone size-medium wp-image-12467\" src=\"https:\/\/i0.wp.com\/przedszkole8.pl\/wp-content\/uploads\/2023\/05\/1684594618527-300x169.jpg?resize=300%2C169&#038;ssl=1\" alt=\"1684594618527\" width=\"300\" height=\"169\" \/><\/a><\/p>\n<p><a href=\"https:\/\/i0.wp.com\/przedszkole8.pl\/wp-content\/uploads\/2023\/05\/1684594577925.jpg?ssl=1\"><img data-recalc-dims=\"1\" loading=\"lazy\" decoding=\"async\" class=\"alignnone size-medium wp-image-12468\" src=\"https:\/\/i0.wp.com\/przedszkole8.pl\/wp-content\/uploads\/2023\/05\/1684594577925-300x169.jpg?resize=300%2C169&#038;ssl=1\" alt=\"1684594577925\" width=\"300\" height=\"169\" \/><\/a><\/p>\n<p><a href=\"https:\/\/i0.wp.com\/przedszkole8.pl\/wp-content\/uploads\/2023\/05\/1684594498064.jpg?ssl=1\"><img data-recalc-dims=\"1\" loading=\"lazy\" decoding=\"async\" class=\"alignnone size-medium wp-image-12469\" src=\"https:\/\/i0.wp.com\/przedszkole8.pl\/wp-content\/uploads\/2023\/05\/1684594498064-300x169.jpg?resize=300%2C169&#038;ssl=1\" alt=\"1684594498064\" width=\"300\" height=\"169\" \/><\/a><\/p>\n","protected":false},"excerpt":{"rendered":"<p>Autokarowa wycieczka do Godziszewa odby\u0142a si\u0119 we wtorek 16 maja. W &#8222;Kociewskiej Zagrodzie&#8221; by\u0142o wspaniale, du\u017co przestrzeni, zieleni, zwierz\u0105t wiejskich i by\u0142y tam nawet alpaki. Najwi\u0119cej frajdy mieli\u015bmy podczas zabaw na \u015bwie\u017cym powietrzu: na poduchach powietrznych i wodnych, na stanowiskach do zabaw drewnian\u0105 kulk\u0105, w &#8222;Labiryncie d\u017awi\u0119k\u00f3w&#8221;, na &#8222;Sensorycznej \u015bcie\u017cce&#8221;, w &#8222;Ma\u0142pim gaju&#8221;, w &#8222;Kopalni<\/p>\n","protected":false},"author":20,"featured_media":0,"comment_status":"closed","ping_status":"closed","sticky":false,"template":"","format":"standard","meta":{"jetpack_post_was_ever_published":false,"_jetpack_newsletter_access":"","_jetpack_dont_email_post_to_subs":false,"_jetpack_newsletter_tier_id":0,"_jetpack_memberships_contains_paywalled_content":false,"_jetpack_memberships_contains_paid_content":false,"footnotes":"","jetpack_publicize_message":"","jetpack_publicize_feature_enabled":true,"jetpack_social_post_already_shared":true,"jetpack_social_options":{"image_generator_settings":{"template":"highway","default_image_id":0,"font":"","enabled":false},"version":2}},"categories":[40],"tags":[],"class_list":["post-12463","post","type-post","status-publish","format-standard","hentry","category-gumisie-2022-2023"],"jetpack_publicize_connections":[],"jetpack_featured_media_url":"","jetpack_sharing_enabled":true,"jetpack_shortlink":"https:\/\/wp.me\/p7NQjT-3f1","jetpack-related-posts":[],"_links":{"self":[{"href":"https:\/\/przedszkole8.pl\/index.php?rest_route=\/wp\/v2\/posts\/12463","targetHints":{"allow":["GET"]}}],"collection":[{"href":"https:\/\/przedszkole8.pl\/index.php?rest_route=\/wp\/v2\/posts"}],"about":[{"href":"https:\/\/przedszkole8.pl\/index.php?rest_route=\/wp\/v2\/types\/post"}],"author":[{"embeddable":true,"href":"https:\/\/przedszkole8.pl\/index.php?rest_route=\/wp\/v2\/users\/20"}],"replies":[{"embeddable":true,"href":"https:\/\/przedszkole8.pl\/index.php?rest_route=%2Fwp%2Fv2%2Fcomments&post=12463"}],"version-history":[{"count":1,"href":"https:\/\/przedszkole8.pl\/index.php?rest_route=\/wp\/v2\/posts\/12463\/revisions"}],"predecessor-version":[{"id":12470,"href":"https:\/\/przedszkole8.pl\/index.php?rest_route=\/wp\/v2\/posts\/12463\/revisions\/12470"}],"wp:attachment":[{"href":"https:\/\/przedszkole8.pl\/index.php?rest_route=%2Fwp%2Fv2%2Fmedia&parent=12463"}],"wp:term":[{"taxonomy":"category","embeddable":true,"href":"https:\/\/przedszkole8.pl\/index.php?rest_route=%2Fwp%2Fv2%2Fcategories&post=12463"},{"taxonomy":"post_tag","embeddable":true,"href":"https:\/\/przedszkole8.pl\/index.php?rest_route=%2Fwp%2Fv2%2Ftags&post=12463"}],"curies":[{"name":"wp","href":"https:\/\/api.w.org\/{rel}","templated":true}]}}