{"id":12439,"date":"2023-05-19T12:52:06","date_gmt":"2023-05-19T12:52:06","guid":{"rendered":"http:\/\/przedszkole8.pl\/?p=12439"},"modified":"2023-05-19T12:52:06","modified_gmt":"2023-05-19T12:52:06","slug":"%f0%9f%90%9d%f0%9f%90%9d%f0%9f%90%9d-zycie-pszczol-%f0%9f%90%9d%f0%9f%90%9d%f0%9f%90%9d","status":"publish","type":"post","link":"https:\/\/przedszkole8.pl\/?p=12439","title":{"rendered":"&#x1f41d;&#x1f41d;&#x1f41d;,, \u017bycie pszcz\u00f3\u0142\u201d &#x1f41d;&#x1f41d;&#x1f41d;"},"content":{"rendered":"<p>W pi\u0105tek 19 maja byli\u015bmy w Bibliotece Miejskiej na zaj\u0119ciach edukacyjnych , kt\u00f3rych tematem by\u0142y pszczo\u0142y . Pani opowiedziala dzieciom ciekawostki o \u017cyciu tych niewielkich ale jak bardzo potrzebnych \u017cyj\u0105tkach . Robili\u015bmy poide\u0142ka dla owad\u00f3w a na koniec zaj\u0119\u0107 ka\u017cdy wykona\u0142 w\u0142asn\u0105 pszcz\u00f3\u0142k\u0119 &#x1f41d;<\/p>\n<p>&nbsp;<\/p>\n<p><a href=\"https:\/\/i0.wp.com\/przedszkole8.pl\/wp-content\/uploads\/2023\/05\/IMG_2049.jpeg?ssl=1\"><img data-recalc-dims=\"1\" loading=\"lazy\" decoding=\"async\" class=\"alignnone size-medium wp-image-12440\" src=\"https:\/\/i0.wp.com\/przedszkole8.pl\/wp-content\/uploads\/2023\/05\/IMG_2049-300x225.jpeg?resize=300%2C225&#038;ssl=1\" alt=\"img_2049\" width=\"300\" height=\"225\" \/><\/a> <a href=\"https:\/\/i0.wp.com\/przedszkole8.pl\/wp-content\/uploads\/2023\/05\/IMG_2052.jpeg?ssl=1\"><img data-recalc-dims=\"1\" loading=\"lazy\" decoding=\"async\" class=\"alignnone size-medium wp-image-12441\" src=\"https:\/\/i0.wp.com\/przedszkole8.pl\/wp-content\/uploads\/2023\/05\/IMG_2052-300x225.jpeg?resize=300%2C225&#038;ssl=1\" alt=\"img_2052\" width=\"300\" height=\"225\" \/><\/a> <a href=\"https:\/\/i0.wp.com\/przedszkole8.pl\/wp-content\/uploads\/2023\/05\/IMG_2054.jpeg?ssl=1\"><img data-recalc-dims=\"1\" loading=\"lazy\" decoding=\"async\" class=\"alignnone size-medium wp-image-12442\" src=\"https:\/\/i0.wp.com\/przedszkole8.pl\/wp-content\/uploads\/2023\/05\/IMG_2054-300x225.jpeg?resize=300%2C225&#038;ssl=1\" alt=\"img_2054\" width=\"300\" height=\"225\" \/><\/a> <a href=\"https:\/\/i0.wp.com\/przedszkole8.pl\/wp-content\/uploads\/2023\/05\/IMG_2056.jpeg?ssl=1\"><img data-recalc-dims=\"1\" loading=\"lazy\" decoding=\"async\" class=\"alignnone size-medium wp-image-12443\" src=\"https:\/\/i0.wp.com\/przedszkole8.pl\/wp-content\/uploads\/2023\/05\/IMG_2056-300x225.jpeg?resize=300%2C225&#038;ssl=1\" alt=\"img_2056\" width=\"300\" height=\"225\" \/><\/a><\/p>\n","protected":false},"excerpt":{"rendered":"<p>W pi\u0105tek 19 maja byli\u015bmy w Bibliotece Miejskiej na zaj\u0119ciach edukacyjnych , kt\u00f3rych tematem by\u0142y pszczo\u0142y . Pani opowiedziala dzieciom ciekawostki o \u017cyciu tych niewielkich ale jak bardzo potrzebnych \u017cyj\u0105tkach . Robili\u015bmy poide\u0142ka dla owad\u00f3w a na koniec zaj\u0119\u0107 ka\u017cdy wykona\u0142 w\u0142asn\u0105 pszcz\u00f3\u0142k\u0119 &#x1f41d; &nbsp;<\/p>\n","protected":false},"author":20,"featured_media":0,"comment_status":"closed","ping_status":"closed","sticky":false,"template":"","format":"standard","meta":{"jetpack_post_was_ever_published":false,"_jetpack_newsletter_access":"","_jetpack_dont_email_post_to_subs":false,"_jetpack_newsletter_tier_id":0,"_jetpack_memberships_contains_paywalled_content":false,"_jetpack_memberships_contains_paid_content":false,"footnotes":"","jetpack_publicize_message":"","jetpack_publicize_feature_enabled":true,"jetpack_social_post_already_shared":true,"jetpack_social_options":{"image_generator_settings":{"template":"highway","default_image_id":0,"font":"","enabled":false},"version":2}},"categories":[40],"tags":[],"class_list":["post-12439","post","type-post","status-publish","format-standard","hentry","category-gumisie-2022-2023"],"jetpack_publicize_connections":[],"jetpack_featured_media_url":"","jetpack_sharing_enabled":true,"jetpack_shortlink":"https:\/\/wp.me\/p7NQjT-3eD","jetpack-related-posts":[],"_links":{"self":[{"href":"https:\/\/przedszkole8.pl\/index.php?rest_route=\/wp\/v2\/posts\/12439","targetHints":{"allow":["GET"]}}],"collection":[{"href":"https:\/\/przedszkole8.pl\/index.php?rest_route=\/wp\/v2\/posts"}],"about":[{"href":"https:\/\/przedszkole8.pl\/index.php?rest_route=\/wp\/v2\/types\/post"}],"author":[{"embeddable":true,"href":"https:\/\/przedszkole8.pl\/index.php?rest_route=\/wp\/v2\/users\/20"}],"replies":[{"embeddable":true,"href":"https:\/\/przedszkole8.pl\/index.php?rest_route=%2Fwp%2Fv2%2Fcomments&post=12439"}],"version-history":[{"count":1,"href":"https:\/\/przedszkole8.pl\/index.php?rest_route=\/wp\/v2\/posts\/12439\/revisions"}],"predecessor-version":[{"id":12444,"href":"https:\/\/przedszkole8.pl\/index.php?rest_route=\/wp\/v2\/posts\/12439\/revisions\/12444"}],"wp:attachment":[{"href":"https:\/\/przedszkole8.pl\/index.php?rest_route=%2Fwp%2Fv2%2Fmedia&parent=12439"}],"wp:term":[{"taxonomy":"category","embeddable":true,"href":"https:\/\/przedszkole8.pl\/index.php?rest_route=%2Fwp%2Fv2%2Fcategories&post=12439"},{"taxonomy":"post_tag","embeddable":true,"href":"https:\/\/przedszkole8.pl\/index.php?rest_route=%2Fwp%2Fv2%2Ftags&post=12439"}],"curies":[{"name":"wp","href":"https:\/\/api.w.org\/{rel}","templated":true}]}}