{"id":12403,"date":"2023-05-10T12:33:14","date_gmt":"2023-05-10T12:33:14","guid":{"rendered":"http:\/\/przedszkole8.pl\/?p=12403"},"modified":"2023-05-10T12:33:14","modified_gmt":"2023-05-10T12:33:14","slug":"w-bibliotece-miejskiej-%f0%9f%93%96","status":"publish","type":"post","link":"https:\/\/przedszkole8.pl\/?p=12403","title":{"rendered":"W Bibliotece Miejskiej &#x1f4d6;"},"content":{"rendered":"<p>W \u015brod\u0119 10.05 odwiedzili\u015bmy nasz\u0105 Bibliotek\u0119 Miejsk\u0105 na ulicy Morskiej. Zostali\u015bmy oprowadzeni po ca\u0142ej bibliotece, pani opowiedzia\u0142a nam \u00a0w jaki spos\u00f3b wypo\u017cycza si\u0119 ksi\u0105\u017cki , niekt\u00f3rzy nawet mogli sami spr\u00f3bowa\u0107 zeskanowa\u0107 kod ksi\u0105\u017cki . Opowiedzia\u0142a , co opr\u00f3cz ksi\u0105\u017cek mo\u017cemy robi\u0107 w bibliotece i z czego korzysta\u0107 . Dzieci dosta\u0142y nawet ksi\u0105\u017ceczk\u0119 , kt\u00f3ra mog\u0142y zabarwi\u0107 ze sob\u0105.<a href=\"https:\/\/i0.wp.com\/przedszkole8.pl\/wp-content\/uploads\/2023\/05\/IMG_2004.jpeg?ssl=1\"><img data-recalc-dims=\"1\" loading=\"lazy\" decoding=\"async\" class=\"alignnone size-medium wp-image-12389\" src=\"https:\/\/i0.wp.com\/przedszkole8.pl\/wp-content\/uploads\/2023\/05\/IMG_2004-300x225.jpeg?resize=300%2C225&#038;ssl=1\" alt=\"img_2004\" width=\"300\" height=\"225\" \/><\/a><a href=\"https:\/\/i0.wp.com\/przedszkole8.pl\/wp-content\/uploads\/2023\/05\/IMG_2007.jpeg?ssl=1\"><img data-recalc-dims=\"1\" loading=\"lazy\" decoding=\"async\" class=\"alignnone size-medium wp-image-12390\" src=\"https:\/\/i0.wp.com\/przedszkole8.pl\/wp-content\/uploads\/2023\/05\/IMG_2007-300x225.jpeg?resize=300%2C225&#038;ssl=1\" alt=\"img_2007\" width=\"300\" height=\"225\" \/><\/a><a href=\"https:\/\/i0.wp.com\/przedszkole8.pl\/wp-content\/uploads\/2023\/05\/IMG_2009.jpeg?ssl=1\"><img data-recalc-dims=\"1\" loading=\"lazy\" decoding=\"async\" class=\"alignnone size-medium wp-image-12391\" src=\"https:\/\/i0.wp.com\/przedszkole8.pl\/wp-content\/uploads\/2023\/05\/IMG_2009-300x225.jpeg?resize=300%2C225&#038;ssl=1\" alt=\"img_2009\" width=\"300\" height=\"225\" \/><\/a><a href=\"https:\/\/i0.wp.com\/przedszkole8.pl\/wp-content\/uploads\/2023\/05\/IMG_2013.jpeg?ssl=1\"><img data-recalc-dims=\"1\" loading=\"lazy\" decoding=\"async\" class=\"alignnone size-medium wp-image-12392\" src=\"https:\/\/i0.wp.com\/przedszkole8.pl\/wp-content\/uploads\/2023\/05\/IMG_2013-300x225.jpeg?resize=300%2C225&#038;ssl=1\" alt=\"img_2013\" width=\"300\" height=\"225\" \/><\/a><a href=\"https:\/\/i0.wp.com\/przedszkole8.pl\/wp-content\/uploads\/2023\/05\/IMG_2014.jpeg?ssl=1\"><img data-recalc-dims=\"1\" loading=\"lazy\" decoding=\"async\" class=\"alignnone size-medium wp-image-12393\" src=\"https:\/\/i0.wp.com\/przedszkole8.pl\/wp-content\/uploads\/2023\/05\/IMG_2014-300x225.jpeg?resize=300%2C225&#038;ssl=1\" alt=\"img_2014\" width=\"300\" height=\"225\" \/><\/a><a href=\"https:\/\/i0.wp.com\/przedszkole8.pl\/wp-content\/uploads\/2023\/05\/IMG_2015.jpeg?ssl=1\"><img data-recalc-dims=\"1\" loading=\"lazy\" decoding=\"async\" class=\"alignnone size-medium wp-image-12394\" src=\"https:\/\/i0.wp.com\/przedszkole8.pl\/wp-content\/uploads\/2023\/05\/IMG_2015-300x225.jpeg?resize=300%2C225&#038;ssl=1\" alt=\"img_2015\" width=\"300\" height=\"225\" \/><\/a><a href=\"https:\/\/i0.wp.com\/przedszkole8.pl\/wp-content\/uploads\/2023\/05\/IMG_2016.jpeg?ssl=1\"><img data-recalc-dims=\"1\" loading=\"lazy\" decoding=\"async\" class=\"alignnone size-medium wp-image-12395\" src=\"https:\/\/i0.wp.com\/przedszkole8.pl\/wp-content\/uploads\/2023\/05\/IMG_2016-300x225.jpeg?resize=300%2C225&#038;ssl=1\" alt=\"img_2016\" width=\"300\" height=\"225\" \/><\/a><\/p>\n<p style=\"text-align: right\">\n<p>&nbsp;<\/p>\n<p>&nbsp;<\/p>\n","protected":false},"excerpt":{"rendered":"<p>W \u015brod\u0119 10.05 odwiedzili\u015bmy nasz\u0105 Bibliotek\u0119 Miejsk\u0105 na ulicy Morskiej. Zostali\u015bmy oprowadzeni po ca\u0142ej bibliotece, pani opowiedzia\u0142a nam \u00a0w jaki spos\u00f3b wypo\u017cycza si\u0119 ksi\u0105\u017cki , niekt\u00f3rzy nawet mogli sami spr\u00f3bowa\u0107 zeskanowa\u0107 kod ksi\u0105\u017cki . Opowiedzia\u0142a , co opr\u00f3cz ksi\u0105\u017cek mo\u017cemy robi\u0107 w bibliotece i z czego korzysta\u0107 . Dzieci dosta\u0142y nawet ksi\u0105\u017ceczk\u0119 , kt\u00f3ra mog\u0142y<\/p>\n","protected":false},"author":20,"featured_media":0,"comment_status":"closed","ping_status":"closed","sticky":false,"template":"","format":"standard","meta":{"jetpack_post_was_ever_published":false,"_jetpack_newsletter_access":"","_jetpack_dont_email_post_to_subs":false,"_jetpack_newsletter_tier_id":0,"_jetpack_memberships_contains_paywalled_content":false,"_jetpack_memberships_contains_paid_content":false,"footnotes":"","jetpack_publicize_message":"","jetpack_publicize_feature_enabled":true,"jetpack_social_post_already_shared":true,"jetpack_social_options":{"image_generator_settings":{"template":"highway","default_image_id":0,"font":"","enabled":false},"version":2}},"categories":[40],"tags":[],"class_list":["post-12403","post","type-post","status-publish","format-standard","hentry","category-gumisie-2022-2023"],"jetpack_publicize_connections":[],"jetpack_featured_media_url":"","jetpack_sharing_enabled":true,"jetpack_shortlink":"https:\/\/wp.me\/p7NQjT-3e3","jetpack-related-posts":[],"_links":{"self":[{"href":"https:\/\/przedszkole8.pl\/index.php?rest_route=\/wp\/v2\/posts\/12403","targetHints":{"allow":["GET"]}}],"collection":[{"href":"https:\/\/przedszkole8.pl\/index.php?rest_route=\/wp\/v2\/posts"}],"about":[{"href":"https:\/\/przedszkole8.pl\/index.php?rest_route=\/wp\/v2\/types\/post"}],"author":[{"embeddable":true,"href":"https:\/\/przedszkole8.pl\/index.php?rest_route=\/wp\/v2\/users\/20"}],"replies":[{"embeddable":true,"href":"https:\/\/przedszkole8.pl\/index.php?rest_route=%2Fwp%2Fv2%2Fcomments&post=12403"}],"version-history":[{"count":1,"href":"https:\/\/przedszkole8.pl\/index.php?rest_route=\/wp\/v2\/posts\/12403\/revisions"}],"predecessor-version":[{"id":12404,"href":"https:\/\/przedszkole8.pl\/index.php?rest_route=\/wp\/v2\/posts\/12403\/revisions\/12404"}],"wp:attachment":[{"href":"https:\/\/przedszkole8.pl\/index.php?rest_route=%2Fwp%2Fv2%2Fmedia&parent=12403"}],"wp:term":[{"taxonomy":"category","embeddable":true,"href":"https:\/\/przedszkole8.pl\/index.php?rest_route=%2Fwp%2Fv2%2Fcategories&post=12403"},{"taxonomy":"post_tag","embeddable":true,"href":"https:\/\/przedszkole8.pl\/index.php?rest_route=%2Fwp%2Fv2%2Ftags&post=12403"}],"curies":[{"name":"wp","href":"https:\/\/api.w.org\/{rel}","templated":true}]}}