{"id":12374,"date":"2023-05-01T13:18:54","date_gmt":"2023-05-01T13:18:54","guid":{"rendered":"http:\/\/przedszkole8.pl\/?p=12374"},"modified":"2023-05-01T13:18:54","modified_gmt":"2023-05-01T13:18:54","slug":"czytanie-na-dywanie-17","status":"publish","type":"post","link":"https:\/\/przedszkole8.pl\/?p=12374","title":{"rendered":"Czytanie na dywanie"},"content":{"rendered":"<p>Akcja &#8222;Czytanie na dywanie&#8221; w naszej grupie przyci\u0105gn\u0119\u0142a du\u017co go\u015bci w tygodniu od 24 do 28 kwietna.\u00a0 Realizowali\u015bmy temat kompleksowy po\u015bwi\u0119cony ksi\u0105\u017ckom i bajkom. Przynie\u015bli\u015bmy nasze ulubione ksi\u0105\u017cki z domu, aby nasi r\u00f3wie\u015bnicy mogli je pozna\u0107, by podzieli\u0107 si\u0119 naszymi zainteresowaniami. Podczas poobiedniego odpoczynku na naszym dywanie ksi\u0105\u017cki czytali nam rodzice, mama Ani, Tata Radka, mama Amelki B. oraz ucze\u0144 szko\u0142y CKZiU, za co jeszcze raz im pi\u0119knie dzi\u0119kujemy.<\/p>\n<p><a href=\"https:\/\/i0.wp.com\/przedszkole8.pl\/wp-content\/uploads\/2023\/05\/1682945948883.jpg?ssl=1\"><img data-recalc-dims=\"1\" loading=\"lazy\" decoding=\"async\" class=\"alignnone size-medium wp-image-12375\" src=\"https:\/\/i0.wp.com\/przedszkole8.pl\/wp-content\/uploads\/2023\/05\/1682945948883-300x169.jpg?resize=300%2C169&#038;ssl=1\" alt=\"1682945948883\" width=\"300\" height=\"169\" \/><\/a><a href=\"https:\/\/i0.wp.com\/przedszkole8.pl\/wp-content\/uploads\/2023\/05\/1682946082630.jpg?ssl=1\"><img data-recalc-dims=\"1\" loading=\"lazy\" decoding=\"async\" class=\"alignnone size-medium wp-image-12376\" src=\"https:\/\/i0.wp.com\/przedszkole8.pl\/wp-content\/uploads\/2023\/05\/1682946082630-300x169.jpg?resize=300%2C169&#038;ssl=1\" alt=\"1682946082630\" width=\"300\" height=\"169\" \/><\/a><a href=\"https:\/\/i0.wp.com\/przedszkole8.pl\/wp-content\/uploads\/2023\/05\/1682946178759.jpg?ssl=1\"><img data-recalc-dims=\"1\" loading=\"lazy\" decoding=\"async\" class=\"alignnone size-medium wp-image-12377\" src=\"https:\/\/i0.wp.com\/przedszkole8.pl\/wp-content\/uploads\/2023\/05\/1682946178759-300x169.jpg?resize=300%2C169&#038;ssl=1\" alt=\"1682946178759\" width=\"300\" height=\"169\" \/><\/a><a href=\"https:\/\/i0.wp.com\/przedszkole8.pl\/wp-content\/uploads\/2023\/05\/1682946318847.jpg?ssl=1\"><img data-recalc-dims=\"1\" loading=\"lazy\" decoding=\"async\" class=\"alignnone size-medium wp-image-12378\" src=\"https:\/\/i0.wp.com\/przedszkole8.pl\/wp-content\/uploads\/2023\/05\/1682946318847-300x169.jpg?resize=300%2C169&#038;ssl=1\" alt=\"1682946318847\" width=\"300\" height=\"169\" \/><\/a><\/p>\n","protected":false},"excerpt":{"rendered":"<p>Akcja &#8222;Czytanie na dywanie&#8221; w naszej grupie przyci\u0105gn\u0119\u0142a du\u017co go\u015bci w tygodniu od 24 do 28 kwietna.\u00a0 Realizowali\u015bmy temat kompleksowy po\u015bwi\u0119cony ksi\u0105\u017ckom i bajkom. Przynie\u015bli\u015bmy nasze ulubione ksi\u0105\u017cki z domu, aby nasi r\u00f3wie\u015bnicy mogli je pozna\u0107, by podzieli\u0107 si\u0119 naszymi zainteresowaniami. Podczas poobiedniego odpoczynku na naszym dywanie ksi\u0105\u017cki czytali nam rodzice, mama Ani, Tata Radka,<\/p>\n","protected":false},"author":20,"featured_media":0,"comment_status":"closed","ping_status":"closed","sticky":false,"template":"","format":"standard","meta":{"jetpack_post_was_ever_published":false,"_jetpack_newsletter_access":"","_jetpack_dont_email_post_to_subs":false,"_jetpack_newsletter_tier_id":0,"_jetpack_memberships_contains_paywalled_content":false,"_jetpack_memberships_contains_paid_content":false,"footnotes":"","jetpack_publicize_message":"","jetpack_publicize_feature_enabled":true,"jetpack_social_post_already_shared":true,"jetpack_social_options":{"image_generator_settings":{"template":"highway","default_image_id":0,"font":"","enabled":false},"version":2}},"categories":[40],"tags":[],"class_list":["post-12374","post","type-post","status-publish","format-standard","hentry","category-gumisie-2022-2023"],"jetpack_publicize_connections":[],"jetpack_featured_media_url":"","jetpack_sharing_enabled":true,"jetpack_shortlink":"https:\/\/wp.me\/p7NQjT-3dA","jetpack-related-posts":[],"_links":{"self":[{"href":"https:\/\/przedszkole8.pl\/index.php?rest_route=\/wp\/v2\/posts\/12374","targetHints":{"allow":["GET"]}}],"collection":[{"href":"https:\/\/przedszkole8.pl\/index.php?rest_route=\/wp\/v2\/posts"}],"about":[{"href":"https:\/\/przedszkole8.pl\/index.php?rest_route=\/wp\/v2\/types\/post"}],"author":[{"embeddable":true,"href":"https:\/\/przedszkole8.pl\/index.php?rest_route=\/wp\/v2\/users\/20"}],"replies":[{"embeddable":true,"href":"https:\/\/przedszkole8.pl\/index.php?rest_route=%2Fwp%2Fv2%2Fcomments&post=12374"}],"version-history":[{"count":1,"href":"https:\/\/przedszkole8.pl\/index.php?rest_route=\/wp\/v2\/posts\/12374\/revisions"}],"predecessor-version":[{"id":12379,"href":"https:\/\/przedszkole8.pl\/index.php?rest_route=\/wp\/v2\/posts\/12374\/revisions\/12379"}],"wp:attachment":[{"href":"https:\/\/przedszkole8.pl\/index.php?rest_route=%2Fwp%2Fv2%2Fmedia&parent=12374"}],"wp:term":[{"taxonomy":"category","embeddable":true,"href":"https:\/\/przedszkole8.pl\/index.php?rest_route=%2Fwp%2Fv2%2Fcategories&post=12374"},{"taxonomy":"post_tag","embeddable":true,"href":"https:\/\/przedszkole8.pl\/index.php?rest_route=%2Fwp%2Fv2%2Ftags&post=12374"}],"curies":[{"name":"wp","href":"https:\/\/api.w.org\/{rel}","templated":true}]}}