{"id":11837,"date":"2023-03-18T19:28:59","date_gmt":"2023-03-18T19:28:59","guid":{"rendered":"http:\/\/przedszkole8.pl\/?p=11837"},"modified":"2023-03-18T19:28:59","modified_gmt":"2023-03-18T19:28:59","slug":"niedzwiadki-w-sp-52","status":"publish","type":"post","link":"https:\/\/przedszkole8.pl\/?p=11837","title":{"rendered":"Nied\u017awiadki w SP 52"},"content":{"rendered":"<p>Dnia 16 mrca grupa V\u00a0 wybra\u0142a si\u0119 do SP 52.<\/p>\n<p>Dzieci zwiedzi\u0142y szko\u0142\u0119, wykonywa\u0142y medaliony z gliny pod czujnym okiem nauczycielek ze szko\u0142y, uczesniczy\u0142y w wy\u015bcigach oraz pokonywa\u0142y tor przeszk\u00f3d w sali do karate . Dzie\u0144 pe\u0142en atrakcji na d\u0142ugo zostanie w pami\u0119ci Nied\u017awiadk\u00f3w.<\/p>\n<p>Dzi\u0119kujemy \ud83d\ude42<\/p>\n<p><a href=\"https:\/\/i0.wp.com\/przedszkole8.pl\/wp-content\/uploads\/2023\/03\/IMG_6120.jpg?ssl=1\"><img data-recalc-dims=\"1\" loading=\"lazy\" decoding=\"async\" class=\"alignnone size-medium wp-image-11838\" src=\"https:\/\/i0.wp.com\/przedszkole8.pl\/wp-content\/uploads\/2023\/03\/IMG_6120-300x225.jpg?resize=300%2C225&#038;ssl=1\" alt=\"img_6120\" width=\"300\" height=\"225\" \/><\/a> <a href=\"https:\/\/i0.wp.com\/przedszkole8.pl\/wp-content\/uploads\/2023\/03\/IMG_6119.jpg?ssl=1\"><img data-recalc-dims=\"1\" loading=\"lazy\" decoding=\"async\" class=\"alignnone size-medium wp-image-11839\" src=\"https:\/\/i0.wp.com\/przedszkole8.pl\/wp-content\/uploads\/2023\/03\/IMG_6119-300x225.jpg?resize=300%2C225&#038;ssl=1\" alt=\"img_6119\" width=\"300\" height=\"225\" \/><\/a>\u00a0<a href=\"https:\/\/i0.wp.com\/przedszkole8.pl\/wp-content\/uploads\/2023\/03\/IMG_6109.jpg?ssl=1\"><img data-recalc-dims=\"1\" loading=\"lazy\" decoding=\"async\" class=\"alignnone size-medium wp-image-11841\" src=\"https:\/\/i0.wp.com\/przedszkole8.pl\/wp-content\/uploads\/2023\/03\/IMG_6109-300x225.jpg?resize=300%2C225&#038;ssl=1\" alt=\"img_6109\" width=\"300\" height=\"225\" \/><\/a> <a href=\"https:\/\/i0.wp.com\/przedszkole8.pl\/wp-content\/uploads\/2023\/03\/IMG_6111.jpg?ssl=1\"><img data-recalc-dims=\"1\" loading=\"lazy\" decoding=\"async\" class=\"alignnone size-medium wp-image-11842\" src=\"https:\/\/i0.wp.com\/przedszkole8.pl\/wp-content\/uploads\/2023\/03\/IMG_6111-300x225.jpg?resize=300%2C225&#038;ssl=1\" alt=\"img_6111\" width=\"300\" height=\"225\" \/><\/a><\/p>\n","protected":false},"excerpt":{"rendered":"<p>Dnia 16 mrca grupa V\u00a0 wybra\u0142a si\u0119 do SP 52. Dzieci zwiedzi\u0142y szko\u0142\u0119, wykonywa\u0142y medaliony z gliny pod czujnym okiem nauczycielek ze szko\u0142y, uczesniczy\u0142y w wy\u015bcigach oraz pokonywa\u0142y tor przeszk\u00f3d w sali do karate . Dzie\u0144 pe\u0142en atrakcji na d\u0142ugo zostanie w pami\u0119ci Nied\u017awiadk\u00f3w. Dzi\u0119kujemy \ud83d\ude42 \u00a0<\/p>\n","protected":false},"author":24,"featured_media":0,"comment_status":"closed","ping_status":"closed","sticky":false,"template":"","format":"standard","meta":{"jetpack_post_was_ever_published":false,"_jetpack_newsletter_access":"","_jetpack_dont_email_post_to_subs":false,"_jetpack_newsletter_tier_id":0,"_jetpack_memberships_contains_paywalled_content":false,"_jetpack_memberships_contains_paid_content":false,"footnotes":"","jetpack_publicize_message":"","jetpack_publicize_feature_enabled":true,"jetpack_social_post_already_shared":true,"jetpack_social_options":{"image_generator_settings":{"template":"highway","default_image_id":0,"font":"","enabled":false},"version":2}},"categories":[41],"tags":[],"class_list":["post-11837","post","type-post","status-publish","format-standard","hentry","category-niedzwiadki-2022-2023"],"jetpack_publicize_connections":[],"jetpack_featured_media_url":"","jetpack_sharing_enabled":true,"jetpack_shortlink":"https:\/\/wp.me\/p7NQjT-34V","jetpack-related-posts":[],"_links":{"self":[{"href":"https:\/\/przedszkole8.pl\/index.php?rest_route=\/wp\/v2\/posts\/11837","targetHints":{"allow":["GET"]}}],"collection":[{"href":"https:\/\/przedszkole8.pl\/index.php?rest_route=\/wp\/v2\/posts"}],"about":[{"href":"https:\/\/przedszkole8.pl\/index.php?rest_route=\/wp\/v2\/types\/post"}],"author":[{"embeddable":true,"href":"https:\/\/przedszkole8.pl\/index.php?rest_route=\/wp\/v2\/users\/24"}],"replies":[{"embeddable":true,"href":"https:\/\/przedszkole8.pl\/index.php?rest_route=%2Fwp%2Fv2%2Fcomments&post=11837"}],"version-history":[{"count":1,"href":"https:\/\/przedszkole8.pl\/index.php?rest_route=\/wp\/v2\/posts\/11837\/revisions"}],"predecessor-version":[{"id":11843,"href":"https:\/\/przedszkole8.pl\/index.php?rest_route=\/wp\/v2\/posts\/11837\/revisions\/11843"}],"wp:attachment":[{"href":"https:\/\/przedszkole8.pl\/index.php?rest_route=%2Fwp%2Fv2%2Fmedia&parent=11837"}],"wp:term":[{"taxonomy":"category","embeddable":true,"href":"https:\/\/przedszkole8.pl\/index.php?rest_route=%2Fwp%2Fv2%2Fcategories&post=11837"},{"taxonomy":"post_tag","embeddable":true,"href":"https:\/\/przedszkole8.pl\/index.php?rest_route=%2Fwp%2Fv2%2Ftags&post=11837"}],"curies":[{"name":"wp","href":"https:\/\/api.w.org\/{rel}","templated":true}]}}