{"id":11819,"date":"2023-03-12T12:58:42","date_gmt":"2023-03-12T12:58:42","guid":{"rendered":"http:\/\/przedszkole8.pl\/?p=11819"},"modified":"2023-03-12T12:58:42","modified_gmt":"2023-03-12T12:58:42","slug":"pomaranczowy-dzien-kolorowego-tygodnia","status":"publish","type":"post","link":"https:\/\/przedszkole8.pl\/?p=11819","title":{"rendered":"Pomara\u0144czowy dzie\u0144 Kolorowego Tygodnia"},"content":{"rendered":"<p>\u015aroda by\u0142a pomara\u0144czowa. M\u00f3wili\u015bmy o produktach ekologicznych, ogl\u0105dali\u015bmy film edukacyjny &#8222;Sk\u0105d si\u0119 bior\u0105 produkty ekologiczne&#8221;, \u015bpiewali\u015bmy piosenk\u0119 &#8222;Witaminkowe abecad\u0142o&#8221;, malowali\u015bmy pomara\u0144czow\u0105 wod\u0105 na \u015bniegu : pomara\u0144cze, mandarynki, marchewki i serca pomara\u0144czowe.<\/p>\n<p><a href=\"https:\/\/i0.wp.com\/przedszkole8.pl\/wp-content\/uploads\/2023\/03\/1678293638977.jpg?ssl=1\"><img data-recalc-dims=\"1\" loading=\"lazy\" decoding=\"async\" class=\"alignnone size-medium wp-image-11808\" src=\"https:\/\/i0.wp.com\/przedszkole8.pl\/wp-content\/uploads\/2023\/03\/1678293638977-300x169.jpg?resize=300%2C169&#038;ssl=1\" alt=\"1678293638977\" width=\"300\" height=\"169\" \/><\/a><a href=\"https:\/\/i0.wp.com\/przedszkole8.pl\/wp-content\/uploads\/2023\/03\/1678293668610.jpg?ssl=1\"><img data-recalc-dims=\"1\" loading=\"lazy\" decoding=\"async\" class=\"alignnone size-medium wp-image-11809\" src=\"https:\/\/i0.wp.com\/przedszkole8.pl\/wp-content\/uploads\/2023\/03\/1678293668610-169x300.jpg?resize=169%2C300&#038;ssl=1\" alt=\"1678293668610\" width=\"169\" height=\"300\" \/><\/a><a href=\"https:\/\/i0.wp.com\/przedszkole8.pl\/wp-content\/uploads\/2023\/03\/1678293576577.jpg?ssl=1\"><img data-recalc-dims=\"1\" loading=\"lazy\" decoding=\"async\" class=\"alignnone size-medium wp-image-11810\" src=\"https:\/\/i0.wp.com\/przedszkole8.pl\/wp-content\/uploads\/2023\/03\/1678293576577-169x300.jpg?resize=169%2C300&#038;ssl=1\" alt=\"1678293576577\" width=\"169\" height=\"300\" \/><\/a><\/p>\n","protected":false},"excerpt":{"rendered":"<p>\u015aroda by\u0142a pomara\u0144czowa. M\u00f3wili\u015bmy o produktach ekologicznych, ogl\u0105dali\u015bmy film edukacyjny &#8222;Sk\u0105d si\u0119 bior\u0105 produkty ekologiczne&#8221;, \u015bpiewali\u015bmy piosenk\u0119 &#8222;Witaminkowe abecad\u0142o&#8221;, malowali\u015bmy pomara\u0144czow\u0105 wod\u0105 na \u015bniegu : pomara\u0144cze, mandarynki, marchewki i serca pomara\u0144czowe.<\/p>\n","protected":false},"author":20,"featured_media":0,"comment_status":"closed","ping_status":"closed","sticky":false,"template":"","format":"standard","meta":{"jetpack_post_was_ever_published":false,"_jetpack_newsletter_access":"","_jetpack_dont_email_post_to_subs":false,"_jetpack_newsletter_tier_id":0,"_jetpack_memberships_contains_paywalled_content":false,"_jetpack_memberships_contains_paid_content":false,"footnotes":"","jetpack_publicize_message":"","jetpack_publicize_feature_enabled":true,"jetpack_social_post_already_shared":true,"jetpack_social_options":{"image_generator_settings":{"template":"highway","default_image_id":0,"font":"","enabled":false},"version":2}},"categories":[40],"tags":[],"class_list":["post-11819","post","type-post","status-publish","format-standard","hentry","category-gumisie-2022-2023"],"jetpack_publicize_connections":[],"jetpack_featured_media_url":"","jetpack_sharing_enabled":true,"jetpack_shortlink":"https:\/\/wp.me\/p7NQjT-34D","jetpack-related-posts":[],"_links":{"self":[{"href":"https:\/\/przedszkole8.pl\/index.php?rest_route=\/wp\/v2\/posts\/11819","targetHints":{"allow":["GET"]}}],"collection":[{"href":"https:\/\/przedszkole8.pl\/index.php?rest_route=\/wp\/v2\/posts"}],"about":[{"href":"https:\/\/przedszkole8.pl\/index.php?rest_route=\/wp\/v2\/types\/post"}],"author":[{"embeddable":true,"href":"https:\/\/przedszkole8.pl\/index.php?rest_route=\/wp\/v2\/users\/20"}],"replies":[{"embeddable":true,"href":"https:\/\/przedszkole8.pl\/index.php?rest_route=%2Fwp%2Fv2%2Fcomments&post=11819"}],"version-history":[{"count":1,"href":"https:\/\/przedszkole8.pl\/index.php?rest_route=\/wp\/v2\/posts\/11819\/revisions"}],"predecessor-version":[{"id":11820,"href":"https:\/\/przedszkole8.pl\/index.php?rest_route=\/wp\/v2\/posts\/11819\/revisions\/11820"}],"wp:attachment":[{"href":"https:\/\/przedszkole8.pl\/index.php?rest_route=%2Fwp%2Fv2%2Fmedia&parent=11819"}],"wp:term":[{"taxonomy":"category","embeddable":true,"href":"https:\/\/przedszkole8.pl\/index.php?rest_route=%2Fwp%2Fv2%2Fcategories&post=11819"},{"taxonomy":"post_tag","embeddable":true,"href":"https:\/\/przedszkole8.pl\/index.php?rest_route=%2Fwp%2Fv2%2Ftags&post=11819"}],"curies":[{"name":"wp","href":"https:\/\/api.w.org\/{rel}","templated":true}]}}