{"id":11691,"date":"2023-02-26T14:47:19","date_gmt":"2023-02-26T14:47:19","guid":{"rendered":"http:\/\/przedszkole8.pl\/?p=11691"},"modified":"2023-02-26T14:47:19","modified_gmt":"2023-02-26T14:47:19","slug":"wycieczka-do-muzeum","status":"publish","type":"post","link":"https:\/\/przedszkole8.pl\/?p=11691","title":{"rendered":"Wycieczka do muzeum"},"content":{"rendered":"<p>We wtorek\u00a0 grupa v by\u0142a na wycieczce w Muzeum Miasta Gdyni. Dzieci ogl\u0105da\u0142y\u00a0 wystaw\u0119 i bra\u0142y udzia\u0142 w zaj\u0119ciach z edukatorem na temat stylu budowli w Gdyni. Mia\u0142y mo\u017cliwo\u015b\u0107 samodzielnie zaprojektowa\u0107 budynek w ramach zaj\u0119\u0107 &#8222;Ja budowniczy&#8221;.<\/p>\n<p><a href=\"https:\/\/i0.wp.com\/przedszkole8.pl\/wp-content\/uploads\/2023\/02\/IMG_7231.jpg?ssl=1\"><img data-recalc-dims=\"1\" loading=\"lazy\" decoding=\"async\" class=\"alignnone size-medium wp-image-11692\" src=\"https:\/\/i0.wp.com\/przedszkole8.pl\/wp-content\/uploads\/2023\/02\/IMG_7231-300x225.jpg?resize=300%2C225&#038;ssl=1\" alt=\"img_7231\" width=\"300\" height=\"225\" \/><\/a> <a href=\"https:\/\/i0.wp.com\/przedszkole8.pl\/wp-content\/uploads\/2023\/02\/IMG_7241.jpg?ssl=1\"><img data-recalc-dims=\"1\" loading=\"lazy\" decoding=\"async\" class=\"alignnone size-medium wp-image-11694\" src=\"https:\/\/i0.wp.com\/przedszkole8.pl\/wp-content\/uploads\/2023\/02\/IMG_7241-300x225.jpg?resize=300%2C225&#038;ssl=1\" alt=\"img_7241\" width=\"300\" height=\"225\" \/><\/a><\/p>\n<p><a href=\"https:\/\/i0.wp.com\/przedszkole8.pl\/wp-content\/uploads\/2023\/02\/IMG_7243.jpg?ssl=1\"><img data-recalc-dims=\"1\" loading=\"lazy\" decoding=\"async\" class=\"alignnone size-medium wp-image-11695\" src=\"https:\/\/i0.wp.com\/przedszkole8.pl\/wp-content\/uploads\/2023\/02\/IMG_7243-300x225.jpg?resize=300%2C225&#038;ssl=1\" alt=\"img_7243\" width=\"300\" height=\"225\" \/> <\/a><a href=\"https:\/\/i0.wp.com\/przedszkole8.pl\/wp-content\/uploads\/2023\/02\/IMG_7235.jpg?ssl=1\"><img data-recalc-dims=\"1\" loading=\"lazy\" decoding=\"async\" class=\"alignnone size-medium wp-image-11693\" src=\"https:\/\/i0.wp.com\/przedszkole8.pl\/wp-content\/uploads\/2023\/02\/IMG_7235-300x225.jpg?resize=300%2C225&#038;ssl=1\" alt=\"img_7235\" width=\"300\" height=\"225\" \/><\/a> <a href=\"https:\/\/i0.wp.com\/przedszkole8.pl\/wp-content\/uploads\/2023\/02\/IMG_7252.jpg?ssl=1\"><img data-recalc-dims=\"1\" loading=\"lazy\" decoding=\"async\" class=\"alignnone size-medium wp-image-11697\" src=\"https:\/\/i0.wp.com\/przedszkole8.pl\/wp-content\/uploads\/2023\/02\/IMG_7252-300x225.jpg?resize=300%2C225&#038;ssl=1\" alt=\"img_7252\" width=\"300\" height=\"225\" \/><\/a><\/p>\n","protected":false},"excerpt":{"rendered":"<p>We wtorek\u00a0 grupa v by\u0142a na wycieczce w Muzeum Miasta Gdyni. Dzieci ogl\u0105da\u0142y\u00a0 wystaw\u0119 i bra\u0142y udzia\u0142 w zaj\u0119ciach z edukatorem na temat stylu budowli w Gdyni. Mia\u0142y mo\u017cliwo\u015b\u0107 samodzielnie zaprojektowa\u0107 budynek w ramach zaj\u0119\u0107 &#8222;Ja budowniczy&#8221;.<\/p>\n","protected":false},"author":9,"featured_media":0,"comment_status":"closed","ping_status":"closed","sticky":false,"template":"","format":"standard","meta":{"jetpack_post_was_ever_published":false,"_jetpack_newsletter_access":"","_jetpack_dont_email_post_to_subs":false,"_jetpack_newsletter_tier_id":0,"_jetpack_memberships_contains_paywalled_content":false,"_jetpack_memberships_contains_paid_content":false,"footnotes":"","jetpack_publicize_message":"","jetpack_publicize_feature_enabled":true,"jetpack_social_post_already_shared":true,"jetpack_social_options":{"image_generator_settings":{"template":"highway","default_image_id":0,"font":"","enabled":false},"version":2}},"categories":[41],"tags":[],"class_list":["post-11691","post","type-post","status-publish","format-standard","hentry","category-niedzwiadki-2022-2023"],"jetpack_publicize_connections":[],"jetpack_featured_media_url":"","jetpack_sharing_enabled":true,"jetpack_shortlink":"https:\/\/wp.me\/p7NQjT-32z","jetpack-related-posts":[],"_links":{"self":[{"href":"https:\/\/przedszkole8.pl\/index.php?rest_route=\/wp\/v2\/posts\/11691","targetHints":{"allow":["GET"]}}],"collection":[{"href":"https:\/\/przedszkole8.pl\/index.php?rest_route=\/wp\/v2\/posts"}],"about":[{"href":"https:\/\/przedszkole8.pl\/index.php?rest_route=\/wp\/v2\/types\/post"}],"author":[{"embeddable":true,"href":"https:\/\/przedszkole8.pl\/index.php?rest_route=\/wp\/v2\/users\/9"}],"replies":[{"embeddable":true,"href":"https:\/\/przedszkole8.pl\/index.php?rest_route=%2Fwp%2Fv2%2Fcomments&post=11691"}],"version-history":[{"count":3,"href":"https:\/\/przedszkole8.pl\/index.php?rest_route=\/wp\/v2\/posts\/11691\/revisions"}],"predecessor-version":[{"id":11706,"href":"https:\/\/przedszkole8.pl\/index.php?rest_route=\/wp\/v2\/posts\/11691\/revisions\/11706"}],"wp:attachment":[{"href":"https:\/\/przedszkole8.pl\/index.php?rest_route=%2Fwp%2Fv2%2Fmedia&parent=11691"}],"wp:term":[{"taxonomy":"category","embeddable":true,"href":"https:\/\/przedszkole8.pl\/index.php?rest_route=%2Fwp%2Fv2%2Fcategories&post=11691"},{"taxonomy":"post_tag","embeddable":true,"href":"https:\/\/przedszkole8.pl\/index.php?rest_route=%2Fwp%2Fv2%2Ftags&post=11691"}],"curies":[{"name":"wp","href":"https:\/\/api.w.org\/{rel}","templated":true}]}}