{"id":11675,"date":"2023-02-24T19:03:06","date_gmt":"2023-02-24T19:03:06","guid":{"rendered":"http:\/\/przedszkole8.pl\/?p=11675"},"modified":"2023-02-24T19:03:06","modified_gmt":"2023-02-24T19:03:06","slug":"goscinny-wystep-zespolu-wele-wetka","status":"publish","type":"post","link":"https:\/\/przedszkole8.pl\/?p=11675","title":{"rendered":"Go\u015bcinny wyst\u0119p zespo\u0142u Wele Wetka"},"content":{"rendered":"<p>W pi\u0105tek 24 lutego go\u015bcili\u015bmy w naszym przedszkolu zesp\u00f3\u0142 wokalny Wele Wetka z Wejherowa. Arty\u015bci zaprezentowali si\u0119 w strojach ludowych kaszubskich. Pi\u0119knie za\u015bpiewali popularne pie\u015bni ludowe kaszubskie. Dzieci i nauczyciele byli zachwyceni \u015bpiewem, strojem i recytacj\u0105 wiersza pana, kt\u00f3ry towarzyszy\u0142 trzem mi\u0142ym paniom. Dzieci r\u00f3wnie\u017c za\u015bpiewa\u0142y naszym go\u015bciom i recytowa\u0142y wiersz. Potem wsp\u00f3lnie bawili\u015bmy si\u0119 tak jak dawniej nasi dziadkowie w kole. W podzi\u0119kowaniu za wyst\u0119p i odwiedziny dzieci wr\u0119czy\u0142y szanownym go\u015bciom laurk\u0119 ze swoimi rysunkami oraz bukiet kwiat\u00f3w. Jeszcze raz serdecznie dzi\u0119kujemy zespo\u0142owi Wele Wetka za wsp\u00f3lnie mi\u0142o sp\u0119dzony czas. Szczeg\u00f3lnie gor\u0105co dzi\u0119kujemy mamie Kajetana za inicjatyw\u0119 i starania zwi\u0105zane z realizacj\u0105 tego spotkania oraz kwiaty.<\/p>\n<p><a href=\"https:\/\/i0.wp.com\/przedszkole8.pl\/wp-content\/uploads\/2023\/02\/1677246305715.jpg?ssl=1\"><img data-recalc-dims=\"1\" loading=\"lazy\" decoding=\"async\" class=\"alignnone size-medium wp-image-11676\" src=\"https:\/\/i0.wp.com\/przedszkole8.pl\/wp-content\/uploads\/2023\/02\/1677246305715-300x169.jpg?resize=300%2C169&#038;ssl=1\" alt=\"1677246305715\" width=\"300\" height=\"169\" \/><\/a> <a href=\"https:\/\/i0.wp.com\/przedszkole8.pl\/wp-content\/uploads\/2023\/02\/1677246349248.jpg?ssl=1\"><img data-recalc-dims=\"1\" loading=\"lazy\" decoding=\"async\" class=\"alignnone size-medium wp-image-11677\" src=\"https:\/\/i0.wp.com\/przedszkole8.pl\/wp-content\/uploads\/2023\/02\/1677246349248-300x169.jpg?resize=300%2C169&#038;ssl=1\" alt=\"1677246349248\" width=\"300\" height=\"169\" \/><\/a> <a href=\"https:\/\/i0.wp.com\/przedszkole8.pl\/wp-content\/uploads\/2023\/02\/1677246424610.jpg?ssl=1\"><img data-recalc-dims=\"1\" loading=\"lazy\" decoding=\"async\" class=\"alignnone size-medium wp-image-11678\" src=\"https:\/\/i0.wp.com\/przedszkole8.pl\/wp-content\/uploads\/2023\/02\/1677246424610-300x169.jpg?resize=300%2C169&#038;ssl=1\" alt=\"1677246424610\" width=\"300\" height=\"169\" \/><\/a> <a href=\"https:\/\/i0.wp.com\/przedszkole8.pl\/wp-content\/uploads\/2023\/02\/1677246530115.jpg?ssl=1\"><img data-recalc-dims=\"1\" loading=\"lazy\" decoding=\"async\" class=\"alignnone size-medium wp-image-11679\" src=\"https:\/\/i0.wp.com\/przedszkole8.pl\/wp-content\/uploads\/2023\/02\/1677246530115-300x169.jpg?resize=300%2C169&#038;ssl=1\" alt=\"1677246530115\" width=\"300\" height=\"169\" \/><\/a> <a href=\"https:\/\/i0.wp.com\/przedszkole8.pl\/wp-content\/uploads\/2023\/02\/1677246612752.jpg?ssl=1\"><img data-recalc-dims=\"1\" loading=\"lazy\" decoding=\"async\" class=\"alignnone size-medium wp-image-11680\" src=\"https:\/\/i0.wp.com\/przedszkole8.pl\/wp-content\/uploads\/2023\/02\/1677246612752-300x169.jpg?resize=300%2C169&#038;ssl=1\" alt=\"1677246612752\" width=\"300\" height=\"169\" \/><\/a><\/p>\n","protected":false},"excerpt":{"rendered":"<p>W pi\u0105tek 24 lutego go\u015bcili\u015bmy w naszym przedszkolu zesp\u00f3\u0142 wokalny Wele Wetka z Wejherowa. Arty\u015bci zaprezentowali si\u0119 w strojach ludowych kaszubskich. Pi\u0119knie za\u015bpiewali popularne pie\u015bni ludowe kaszubskie. Dzieci i nauczyciele byli zachwyceni \u015bpiewem, strojem i recytacj\u0105 wiersza pana, kt\u00f3ry towarzyszy\u0142 trzem mi\u0142ym paniom. Dzieci r\u00f3wnie\u017c za\u015bpiewa\u0142y naszym go\u015bciom i recytowa\u0142y wiersz. Potem wsp\u00f3lnie bawili\u015bmy si\u0119<\/p>\n","protected":false},"author":20,"featured_media":0,"comment_status":"closed","ping_status":"closed","sticky":false,"template":"","format":"standard","meta":{"jetpack_post_was_ever_published":false,"_jetpack_newsletter_access":"","_jetpack_dont_email_post_to_subs":false,"_jetpack_newsletter_tier_id":0,"_jetpack_memberships_contains_paywalled_content":false,"_jetpack_memberships_contains_paid_content":false,"footnotes":"","jetpack_publicize_message":"","jetpack_publicize_feature_enabled":true,"jetpack_social_post_already_shared":true,"jetpack_social_options":{"image_generator_settings":{"template":"highway","default_image_id":0,"font":"","enabled":false},"version":2}},"categories":[40],"tags":[],"class_list":["post-11675","post","type-post","status-publish","format-standard","hentry","category-gumisie-2022-2023"],"jetpack_publicize_connections":[],"jetpack_featured_media_url":"","jetpack_sharing_enabled":true,"jetpack_shortlink":"https:\/\/wp.me\/p7NQjT-32j","jetpack-related-posts":[],"_links":{"self":[{"href":"https:\/\/przedszkole8.pl\/index.php?rest_route=\/wp\/v2\/posts\/11675","targetHints":{"allow":["GET"]}}],"collection":[{"href":"https:\/\/przedszkole8.pl\/index.php?rest_route=\/wp\/v2\/posts"}],"about":[{"href":"https:\/\/przedszkole8.pl\/index.php?rest_route=\/wp\/v2\/types\/post"}],"author":[{"embeddable":true,"href":"https:\/\/przedszkole8.pl\/index.php?rest_route=\/wp\/v2\/users\/20"}],"replies":[{"embeddable":true,"href":"https:\/\/przedszkole8.pl\/index.php?rest_route=%2Fwp%2Fv2%2Fcomments&post=11675"}],"version-history":[{"count":1,"href":"https:\/\/przedszkole8.pl\/index.php?rest_route=\/wp\/v2\/posts\/11675\/revisions"}],"predecessor-version":[{"id":11681,"href":"https:\/\/przedszkole8.pl\/index.php?rest_route=\/wp\/v2\/posts\/11675\/revisions\/11681"}],"wp:attachment":[{"href":"https:\/\/przedszkole8.pl\/index.php?rest_route=%2Fwp%2Fv2%2Fmedia&parent=11675"}],"wp:term":[{"taxonomy":"category","embeddable":true,"href":"https:\/\/przedszkole8.pl\/index.php?rest_route=%2Fwp%2Fv2%2Fcategories&post=11675"},{"taxonomy":"post_tag","embeddable":true,"href":"https:\/\/przedszkole8.pl\/index.php?rest_route=%2Fwp%2Fv2%2Ftags&post=11675"}],"curies":[{"name":"wp","href":"https:\/\/api.w.org\/{rel}","templated":true}]}}