{"id":11669,"date":"2023-02-24T15:49:05","date_gmt":"2023-02-24T15:49:05","guid":{"rendered":"http:\/\/przedszkole8.pl\/?p=11669"},"modified":"2023-02-24T15:50:21","modified_gmt":"2023-02-24T15:50:21","slug":"tydzien-na-zakupach-ciag-dalszy","status":"publish","type":"post","link":"https:\/\/przedszkole8.pl\/?p=11669","title":{"rendered":"Tydzie\u0144 &#8222;Na zakupach&#8221; &#8211; ci\u0105g dalszy"},"content":{"rendered":"<p>We wtorek, kontynuuj\u0105c nasz temat tygodnia &#8222;Na zakupach&#8221;, otworzyli\u015bmy sklepik. Dzieci przygotowa\u0142y logo i szyld sklepu, a tak\u017ce plakat reklamowy. W kolejnych dniach poznali\u015bmy zwroty grzeczno\u015bciowe, z jakich mo\u017cemy korzysta\u0107, robi\u0105c zakupy, zapoznali\u015bmy si\u0119 z monetami i banknotami polskiej waluty, a wszystkie zdobyte informacje i umiej\u0119tno\u015bci \u0107wiczyli\u015bmy bawi\u0105c si\u0119 w sklep. Na koniec tygodnia Przedszkolaki do\u015bwiadczy\u0142y, jak to jest zarabia\u0107 pieni\u0105dze: za wykonan\u0105 prac\u0119 i przygotowanie ozd\u00f3b, co zaj\u0119\u0142o nam dobrych kilka dni &#8211; dzi\u0119ki Pa\u0144stwu wielkiemu zaanga\u017cowaniu &#8211; dzieci &#8222;zarobi\u0142y&#8221; swoje pierwsze pieni\u0105dze, kt\u00f3re z du\u017c\u0105 rado\u015bci\u0105 mog\u0142y wyda\u0107 w sklepie (reszt\u0119, kt\u00f3rej nie wydali\u015bmy, przeznaczymy na zakup wybranej przez dzieci zabawki). Ogromnie Pa\u0144stwu dzi\u0119kujemy za przyniesienie nam artyku\u0142\u00f3w do sklepiku, jak r\u00f3wnie\u017c za zakupy w &#8222;Uszatku&#8221;!<\/p>\n<p><a href=\"https:\/\/i0.wp.com\/przedszkole8.pl\/wp-content\/uploads\/2023\/02\/20230224_085838.jpg?ssl=1\"><img data-recalc-dims=\"1\" loading=\"lazy\" decoding=\"async\" data-attachment-id=\"11659\" data-permalink=\"https:\/\/przedszkole8.pl\/?attachment_id=11659\" data-orig-file=\"https:\/\/i0.wp.com\/przedszkole8.pl\/wp-content\/uploads\/2023\/02\/20230224_085838.jpg?fit=4608%2C2592&amp;ssl=1\" data-orig-size=\"4608,2592\" data-comments-opened=\"0\" data-image-meta=\"{&quot;aperture&quot;:&quot;1,7&quot;,&quot;credit&quot;:&quot;&quot;,&quot;camera&quot;:&quot;SM-A405FN&quot;,&quot;caption&quot;:&quot;&quot;,&quot;created_timestamp&quot;:&quot;1677229117&quot;,&quot;copyright&quot;:&quot;&quot;,&quot;focal_length&quot;:&quot;3,92&quot;,&quot;iso&quot;:&quot;100&quot;,&quot;shutter_speed&quot;:&quot;0,02&quot;,&quot;title&quot;:&quot;&quot;,&quot;orientation&quot;:&quot;6&quot;}\" data-image-title=\"20230224_085838\" data-image-description=\"\" data-image-caption=\"\" data-medium-file=\"https:\/\/i0.wp.com\/przedszkole8.pl\/wp-content\/uploads\/2023\/02\/20230224_085838.jpg?fit=300%2C169&amp;ssl=1\" data-large-file=\"https:\/\/i0.wp.com\/przedszkole8.pl\/wp-content\/uploads\/2023\/02\/20230224_085838.jpg?fit=550%2C309&amp;ssl=1\" class=\"alignnone size-medium wp-image-11659\" src=\"https:\/\/i0.wp.com\/przedszkole8.pl\/wp-content\/uploads\/2023\/02\/20230224_085838.jpg?resize=300%2C169&#038;ssl=1\" alt=\"20230224_085838\" width=\"300\" height=\"169\" srcset=\"https:\/\/i0.wp.com\/przedszkole8.pl\/wp-content\/uploads\/2023\/02\/20230224_085838.jpg?resize=300%2C169&amp;ssl=1 300w, https:\/\/i0.wp.com\/przedszkole8.pl\/wp-content\/uploads\/2023\/02\/20230224_085838.jpg?resize=768%2C432&amp;ssl=1 768w, https:\/\/i0.wp.com\/przedszkole8.pl\/wp-content\/uploads\/2023\/02\/20230224_085838.jpg?resize=1024%2C576&amp;ssl=1 1024w, https:\/\/i0.wp.com\/przedszkole8.pl\/wp-content\/uploads\/2023\/02\/20230224_085838.jpg?w=1100&amp;ssl=1 1100w, https:\/\/i0.wp.com\/przedszkole8.pl\/wp-content\/uploads\/2023\/02\/20230224_085838.jpg?w=1650&amp;ssl=1 1650w\" sizes=\"auto, (max-width: 300px) 100vw, 300px\" \/><\/a> <a href=\"https:\/\/i0.wp.com\/przedszkole8.pl\/wp-content\/uploads\/2023\/02\/332232369_731982451912261_534234654070991899_n.jpg?ssl=1\"><img data-recalc-dims=\"1\" loading=\"lazy\" decoding=\"async\" class=\"alignnone size-medium wp-image-11661\" src=\"https:\/\/i0.wp.com\/przedszkole8.pl\/wp-content\/uploads\/2023\/02\/332232369_731982451912261_534234654070991899_n-225x300.jpg?resize=225%2C300&#038;ssl=1\" alt=\"332232369_731982451912261_534234654070991899_n\" width=\"225\" height=\"300\" \/><\/a> <a href=\"https:\/\/i0.wp.com\/przedszkole8.pl\/wp-content\/uploads\/2023\/02\/333292007_929013908412710_4869812558856894040_n.jpg?ssl=1\"><img data-recalc-dims=\"1\" loading=\"lazy\" decoding=\"async\" class=\"alignnone size-medium wp-image-11662\" src=\"https:\/\/i0.wp.com\/przedszkole8.pl\/wp-content\/uploads\/2023\/02\/333292007_929013908412710_4869812558856894040_n-225x300.jpg?resize=225%2C300&#038;ssl=1\" alt=\"333292007_929013908412710_4869812558856894040_n\" width=\"225\" height=\"300\" \/><\/a> <a href=\"https:\/\/i0.wp.com\/przedszkole8.pl\/wp-content\/uploads\/2023\/02\/331885249_6007052222685850_1294736220716105727_n.jpg?ssl=1\"><img data-recalc-dims=\"1\" loading=\"lazy\" decoding=\"async\" class=\"alignnone size-medium wp-image-11660\" src=\"https:\/\/i0.wp.com\/przedszkole8.pl\/wp-content\/uploads\/2023\/02\/331885249_6007052222685850_1294736220716105727_n-225x300.jpg?resize=225%2C300&#038;ssl=1\" alt=\"331885249_6007052222685850_1294736220716105727_n\" width=\"225\" height=\"300\" \/><\/a> <a href=\"https:\/\/i0.wp.com\/przedszkole8.pl\/wp-content\/uploads\/2023\/02\/20230224_113201.jpg?ssl=1\"><img data-recalc-dims=\"1\" loading=\"lazy\" decoding=\"async\" class=\"alignnone size-medium wp-image-11658\" src=\"https:\/\/i0.wp.com\/przedszkole8.pl\/wp-content\/uploads\/2023\/02\/20230224_113201-300x169.jpg?resize=300%2C169&#038;ssl=1\" alt=\"20230224_113201\" width=\"300\" height=\"169\" \/><\/a><\/p>\n","protected":false},"excerpt":{"rendered":"<p>We wtorek, kontynuuj\u0105c nasz temat tygodnia &#8222;Na zakupach&#8221;, otworzyli\u015bmy sklepik. Dzieci przygotowa\u0142y logo i szyld sklepu, a tak\u017ce plakat reklamowy. W kolejnych dniach poznali\u015bmy zwroty grzeczno\u015bciowe, z jakich mo\u017cemy korzysta\u0107, robi\u0105c zakupy, zapoznali\u015bmy si\u0119 z monetami i banknotami polskiej waluty, a wszystkie zdobyte informacje i umiej\u0119tno\u015bci \u0107wiczyli\u015bmy bawi\u0105c si\u0119 w sklep. Na koniec tygodnia Przedszkolaki<\/p>\n","protected":false},"author":24,"featured_media":0,"comment_status":"closed","ping_status":"closed","sticky":false,"template":"","format":"standard","meta":{"jetpack_post_was_ever_published":false,"_jetpack_newsletter_access":"","_jetpack_dont_email_post_to_subs":true,"_jetpack_newsletter_tier_id":0,"_jetpack_memberships_contains_paywalled_content":false,"_jetpack_memberships_contains_paid_content":false,"footnotes":"","jetpack_publicize_message":"","jetpack_publicize_feature_enabled":true,"jetpack_social_post_already_shared":true,"jetpack_social_options":{"image_generator_settings":{"template":"highway","default_image_id":0,"font":"","enabled":false},"version":2}},"categories":[38],"tags":[],"class_list":["post-11669","post","type-post","status-publish","format-standard","hentry","category-uszatki-2022-2023"],"jetpack_publicize_connections":[],"jetpack_featured_media_url":"","jetpack_sharing_enabled":true,"jetpack_shortlink":"https:\/\/wp.me\/p7NQjT-32d","jetpack-related-posts":[],"_links":{"self":[{"href":"https:\/\/przedszkole8.pl\/index.php?rest_route=\/wp\/v2\/posts\/11669","targetHints":{"allow":["GET"]}}],"collection":[{"href":"https:\/\/przedszkole8.pl\/index.php?rest_route=\/wp\/v2\/posts"}],"about":[{"href":"https:\/\/przedszkole8.pl\/index.php?rest_route=\/wp\/v2\/types\/post"}],"author":[{"embeddable":true,"href":"https:\/\/przedszkole8.pl\/index.php?rest_route=\/wp\/v2\/users\/24"}],"replies":[{"embeddable":true,"href":"https:\/\/przedszkole8.pl\/index.php?rest_route=%2Fwp%2Fv2%2Fcomments&post=11669"}],"version-history":[{"count":2,"href":"https:\/\/przedszkole8.pl\/index.php?rest_route=\/wp\/v2\/posts\/11669\/revisions"}],"predecessor-version":[{"id":11671,"href":"https:\/\/przedszkole8.pl\/index.php?rest_route=\/wp\/v2\/posts\/11669\/revisions\/11671"}],"wp:attachment":[{"href":"https:\/\/przedszkole8.pl\/index.php?rest_route=%2Fwp%2Fv2%2Fmedia&parent=11669"}],"wp:term":[{"taxonomy":"category","embeddable":true,"href":"https:\/\/przedszkole8.pl\/index.php?rest_route=%2Fwp%2Fv2%2Fcategories&post=11669"},{"taxonomy":"post_tag","embeddable":true,"href":"https:\/\/przedszkole8.pl\/index.php?rest_route=%2Fwp%2Fv2%2Ftags&post=11669"}],"curies":[{"name":"wp","href":"https:\/\/api.w.org\/{rel}","templated":true}]}}