{"id":11667,"date":"2023-02-24T15:31:47","date_gmt":"2023-02-24T15:31:47","guid":{"rendered":"http:\/\/przedszkole8.pl\/?p=11667"},"modified":"2023-02-24T15:31:47","modified_gmt":"2023-02-24T15:31:47","slug":"tydzien-na-zakupach","status":"publish","type":"post","link":"https:\/\/przedszkole8.pl\/?p=11667","title":{"rendered":"Tydzie\u0144 &#8222;Na zakupach&#8221;"},"content":{"rendered":"<p>Od poniedzia\u0142ku do pi\u0105tku dzieci z grupy Uszatk\u00f3w poznawa\u0142y r\u00f3\u017cne zagadnienia zwi\u0105zane z tematem sklepu, zakup\u00f3w i pieni\u0119dzy. Poniedzia\u0142ek rozpocz\u0119li\u015bmy od poznania zawodu kucharza &#8211; odwiedzi\u0142a nas Pani Lena, kt\u00f3ra opowiedzia\u0142a nam o swojej pracy i o bezpiecze\u0144stwie w kuchni. Pani Lena przypomnia\u0142a nam te\u017c o prawid\u0142owym sposobie mycia r\u0105k i przybli\u017cy\u0142a nam temat komponowania zdrowych posi\u0142k\u00f3w. Zabawa w kucharza i restauracj\u0119 towarzyszy\u0142a nam ca\u0142y dzie\u0144.<\/p>\n<p><a href=\"https:\/\/i0.wp.com\/przedszkole8.pl\/wp-content\/uploads\/2023\/02\/20230220_085945.jpg?ssl=1\"><img data-recalc-dims=\"1\" loading=\"lazy\" decoding=\"async\" class=\"alignnone size-medium wp-image-11571\" src=\"https:\/\/i0.wp.com\/przedszkole8.pl\/wp-content\/uploads\/2023\/02\/20230220_085945-300x169.jpg?resize=300%2C169&#038;ssl=1\" alt=\"20230220_085945\" width=\"300\" height=\"169\" \/><\/a><a href=\"https:\/\/i0.wp.com\/przedszkole8.pl\/wp-content\/uploads\/2023\/02\/20230220_090644.jpg?ssl=1\">\u00a0<img data-recalc-dims=\"1\" loading=\"lazy\" decoding=\"async\" class=\"alignnone size-medium wp-image-11573\" src=\"https:\/\/i0.wp.com\/przedszkole8.pl\/wp-content\/uploads\/2023\/02\/20230220_090644-300x169.jpg?resize=300%2C169&#038;ssl=1\" alt=\"20230220_090644\" width=\"300\" height=\"169\" \/><\/a> <a href=\"https:\/\/i0.wp.com\/przedszkole8.pl\/wp-content\/uploads\/2023\/02\/20230220_090637.jpg?ssl=1\"><img data-recalc-dims=\"1\" loading=\"lazy\" decoding=\"async\" class=\"alignnone size-medium wp-image-11572\" src=\"https:\/\/i0.wp.com\/przedszkole8.pl\/wp-content\/uploads\/2023\/02\/20230220_090637-300x169.jpg?resize=300%2C169&#038;ssl=1\" alt=\"20230220_090637\" width=\"300\" height=\"169\" \/><\/a><a href=\"https:\/\/i0.wp.com\/przedszkole8.pl\/wp-content\/uploads\/2023\/02\/332756330_948052389657706_4633488941267868659_n.jpg?ssl=1\"><img data-recalc-dims=\"1\" loading=\"lazy\" decoding=\"async\" class=\"alignnone size-medium wp-image-11663\" src=\"https:\/\/i0.wp.com\/przedszkole8.pl\/wp-content\/uploads\/2023\/02\/332756330_948052389657706_4633488941267868659_n-225x300.jpg?resize=225%2C300&#038;ssl=1\" alt=\"332756330_948052389657706_4633488941267868659_n\" width=\"225\" height=\"300\" \/><\/a><\/p>\n","protected":false},"excerpt":{"rendered":"<p>Od poniedzia\u0142ku do pi\u0105tku dzieci z grupy Uszatk\u00f3w poznawa\u0142y r\u00f3\u017cne zagadnienia zwi\u0105zane z tematem sklepu, zakup\u00f3w i pieni\u0119dzy. Poniedzia\u0142ek rozpocz\u0119li\u015bmy od poznania zawodu kucharza &#8211; odwiedzi\u0142a nas Pani Lena, kt\u00f3ra opowiedzia\u0142a nam o swojej pracy i o bezpiecze\u0144stwie w kuchni. Pani Lena przypomnia\u0142a nam te\u017c o prawid\u0142owym sposobie mycia r\u0105k i przybli\u017cy\u0142a nam temat komponowania<\/p>\n","protected":false},"author":24,"featured_media":0,"comment_status":"closed","ping_status":"closed","sticky":false,"template":"","format":"standard","meta":{"jetpack_post_was_ever_published":false,"_jetpack_newsletter_access":"","_jetpack_dont_email_post_to_subs":false,"_jetpack_newsletter_tier_id":0,"_jetpack_memberships_contains_paywalled_content":false,"_jetpack_memberships_contains_paid_content":false,"footnotes":"","jetpack_publicize_message":"","jetpack_publicize_feature_enabled":true,"jetpack_social_post_already_shared":true,"jetpack_social_options":{"image_generator_settings":{"template":"highway","default_image_id":0,"font":"","enabled":false},"version":2}},"categories":[38],"tags":[],"class_list":["post-11667","post","type-post","status-publish","format-standard","hentry","category-uszatki-2022-2023"],"jetpack_publicize_connections":[],"jetpack_featured_media_url":"","jetpack_sharing_enabled":true,"jetpack_shortlink":"https:\/\/wp.me\/p7NQjT-32b","jetpack-related-posts":[],"_links":{"self":[{"href":"https:\/\/przedszkole8.pl\/index.php?rest_route=\/wp\/v2\/posts\/11667","targetHints":{"allow":["GET"]}}],"collection":[{"href":"https:\/\/przedszkole8.pl\/index.php?rest_route=\/wp\/v2\/posts"}],"about":[{"href":"https:\/\/przedszkole8.pl\/index.php?rest_route=\/wp\/v2\/types\/post"}],"author":[{"embeddable":true,"href":"https:\/\/przedszkole8.pl\/index.php?rest_route=\/wp\/v2\/users\/24"}],"replies":[{"embeddable":true,"href":"https:\/\/przedszkole8.pl\/index.php?rest_route=%2Fwp%2Fv2%2Fcomments&post=11667"}],"version-history":[{"count":1,"href":"https:\/\/przedszkole8.pl\/index.php?rest_route=\/wp\/v2\/posts\/11667\/revisions"}],"predecessor-version":[{"id":11668,"href":"https:\/\/przedszkole8.pl\/index.php?rest_route=\/wp\/v2\/posts\/11667\/revisions\/11668"}],"wp:attachment":[{"href":"https:\/\/przedszkole8.pl\/index.php?rest_route=%2Fwp%2Fv2%2Fmedia&parent=11667"}],"wp:term":[{"taxonomy":"category","embeddable":true,"href":"https:\/\/przedszkole8.pl\/index.php?rest_route=%2Fwp%2Fv2%2Fcategories&post=11667"},{"taxonomy":"post_tag","embeddable":true,"href":"https:\/\/przedszkole8.pl\/index.php?rest_route=%2Fwp%2Fv2%2Ftags&post=11667"}],"curies":[{"name":"wp","href":"https:\/\/api.w.org\/{rel}","templated":true}]}}