{"id":11655,"date":"2023-02-23T12:18:16","date_gmt":"2023-02-23T12:18:16","guid":{"rendered":"http:\/\/przedszkole8.pl\/?p=11655"},"modified":"2023-02-23T12:18:16","modified_gmt":"2023-02-23T12:18:16","slug":"zdjecia-karnawalowe","status":"publish","type":"post","link":"https:\/\/przedszkole8.pl\/?p=11655","title":{"rendered":"Zdj\u0119cia karnawa\u0142owe"},"content":{"rendered":"<p>U nauczycielek poszczeg\u00f3lnych grup mo\u017cna ju\u017c zakupi\u0107 zdj\u0119cia karnawa\u0142owe. Komplet (zdj\u0119cie indywidualne i grupowe) w cenie 47 z\u0142. Przy oddzielnych zakupach: zdj\u0119cie indywidualne w cenie 39 z\u0142 i zdj\u0119cie grupowe w cenie 21 z\u0142.<\/p>\n","protected":false},"excerpt":{"rendered":"<p>U nauczycielek poszczeg\u00f3lnych grup mo\u017cna ju\u017c zakupi\u0107 zdj\u0119cia karnawa\u0142owe. Komplet (zdj\u0119cie indywidualne i grupowe) w cenie 47 z\u0142. Przy oddzielnych zakupach: zdj\u0119cie indywidualne w cenie 39 z\u0142 i zdj\u0119cie grupowe w cenie 21 z\u0142.<\/p>\n","protected":false},"author":1,"featured_media":0,"comment_status":"closed","ping_status":"closed","sticky":false,"template":"","format":"standard","meta":{"jetpack_post_was_ever_published":false,"_jetpack_newsletter_access":"","_jetpack_dont_email_post_to_subs":false,"_jetpack_newsletter_tier_id":0,"_jetpack_memberships_contains_paywalled_content":false,"_jetpack_memberships_contains_paid_content":false,"footnotes":"","jetpack_publicize_message":"","jetpack_publicize_feature_enabled":true,"jetpack_social_post_already_shared":true,"jetpack_social_options":{"image_generator_settings":{"template":"highway","default_image_id":0,"font":"","enabled":false},"version":2}},"categories":[16],"tags":[],"class_list":["post-11655","post","type-post","status-publish","format-standard","hentry","category-nowosci"],"jetpack_publicize_connections":[],"jetpack_featured_media_url":"","jetpack_sharing_enabled":true,"jetpack_shortlink":"https:\/\/wp.me\/p7NQjT-31Z","jetpack-related-posts":[],"_links":{"self":[{"href":"https:\/\/przedszkole8.pl\/index.php?rest_route=\/wp\/v2\/posts\/11655","targetHints":{"allow":["GET"]}}],"collection":[{"href":"https:\/\/przedszkole8.pl\/index.php?rest_route=\/wp\/v2\/posts"}],"about":[{"href":"https:\/\/przedszkole8.pl\/index.php?rest_route=\/wp\/v2\/types\/post"}],"author":[{"embeddable":true,"href":"https:\/\/przedszkole8.pl\/index.php?rest_route=\/wp\/v2\/users\/1"}],"replies":[{"embeddable":true,"href":"https:\/\/przedszkole8.pl\/index.php?rest_route=%2Fwp%2Fv2%2Fcomments&post=11655"}],"version-history":[{"count":1,"href":"https:\/\/przedszkole8.pl\/index.php?rest_route=\/wp\/v2\/posts\/11655\/revisions"}],"predecessor-version":[{"id":11656,"href":"https:\/\/przedszkole8.pl\/index.php?rest_route=\/wp\/v2\/posts\/11655\/revisions\/11656"}],"wp:attachment":[{"href":"https:\/\/przedszkole8.pl\/index.php?rest_route=%2Fwp%2Fv2%2Fmedia&parent=11655"}],"wp:term":[{"taxonomy":"category","embeddable":true,"href":"https:\/\/przedszkole8.pl\/index.php?rest_route=%2Fwp%2Fv2%2Fcategories&post=11655"},{"taxonomy":"post_tag","embeddable":true,"href":"https:\/\/przedszkole8.pl\/index.php?rest_route=%2Fwp%2Fv2%2Ftags&post=11655"}],"curies":[{"name":"wp","href":"https:\/\/api.w.org\/{rel}","templated":true}]}}