{"id":11632,"date":"2023-02-21T22:14:24","date_gmt":"2023-02-21T22:14:24","guid":{"rendered":"http:\/\/przedszkole8.pl\/?p=11632"},"modified":"2023-02-21T22:18:56","modified_gmt":"2023-02-21T22:18:56","slug":"dzien-babci-i-dziadka-6","status":"publish","type":"post","link":"https:\/\/przedszkole8.pl\/?p=11632","title":{"rendered":"Dzie\u0144 Babci i Dziadka"},"content":{"rendered":"<p>7 lutego grupa Puchatk\u00f3w obchodzi\u0142a \u015bwi\u0119to\u00a0 Dnia Babci i Dziadka. Dzi\u0119kujemy za wspania\u0142\u0105 publiczno\u015b\u0107. Dzieci za\u015bpiewa\u0142y piosenki, by\u0142y ta\u0144ce i zabawy z dziadkami. Pyszne ciasta upieczone przez rodzic\u00f3w. Dzi\u0119kujemy!<\/p>\n<p>.<a href=\"https:\/\/i0.wp.com\/przedszkole8.pl\/wp-content\/uploads\/2023\/02\/326554564_523661506574029_2220453683162953045_n.jpg?ssl=1\"><img data-recalc-dims=\"1\" loading=\"lazy\" decoding=\"async\" data-attachment-id=\"11633\" data-permalink=\"https:\/\/przedszkole8.pl\/?attachment_id=11633\" data-orig-file=\"https:\/\/i0.wp.com\/przedszkole8.pl\/wp-content\/uploads\/2023\/02\/326554564_523661506574029_2220453683162953045_n.jpg?fit=2048%2C1536&amp;ssl=1\" data-orig-size=\"2048,1536\" data-comments-opened=\"0\" data-image-meta=\"{&quot;aperture&quot;:&quot;0&quot;,&quot;credit&quot;:&quot;&quot;,&quot;camera&quot;:&quot;&quot;,&quot;caption&quot;:&quot;&quot;,&quot;created_timestamp&quot;:&quot;0&quot;,&quot;copyright&quot;:&quot;&quot;,&quot;focal_length&quot;:&quot;0&quot;,&quot;iso&quot;:&quot;0&quot;,&quot;shutter_speed&quot;:&quot;0&quot;,&quot;title&quot;:&quot;&quot;,&quot;orientation&quot;:&quot;0&quot;}\" data-image-title=\"326554564_523661506574029_2220453683162953045_n\" data-image-description=\"\" data-image-caption=\"\" data-medium-file=\"https:\/\/i0.wp.com\/przedszkole8.pl\/wp-content\/uploads\/2023\/02\/326554564_523661506574029_2220453683162953045_n.jpg?fit=300%2C225&amp;ssl=1\" data-large-file=\"https:\/\/i0.wp.com\/przedszkole8.pl\/wp-content\/uploads\/2023\/02\/326554564_523661506574029_2220453683162953045_n.jpg?fit=550%2C413&amp;ssl=1\" class=\"alignnone size-medium wp-image-11633\" src=\"https:\/\/i0.wp.com\/przedszkole8.pl\/wp-content\/uploads\/2023\/02\/326554564_523661506574029_2220453683162953045_n.jpg?resize=300%2C225&#038;ssl=1\" alt=\"326554564_523661506574029_2220453683162953045_n\" width=\"300\" height=\"225\" srcset=\"https:\/\/i0.wp.com\/przedszkole8.pl\/wp-content\/uploads\/2023\/02\/326554564_523661506574029_2220453683162953045_n.jpg?resize=300%2C225&amp;ssl=1 300w, https:\/\/i0.wp.com\/przedszkole8.pl\/wp-content\/uploads\/2023\/02\/326554564_523661506574029_2220453683162953045_n.jpg?resize=768%2C576&amp;ssl=1 768w, https:\/\/i0.wp.com\/przedszkole8.pl\/wp-content\/uploads\/2023\/02\/326554564_523661506574029_2220453683162953045_n.jpg?resize=1024%2C768&amp;ssl=1 1024w, https:\/\/i0.wp.com\/przedszkole8.pl\/wp-content\/uploads\/2023\/02\/326554564_523661506574029_2220453683162953045_n.jpg?w=2048&amp;ssl=1 2048w, https:\/\/i0.wp.com\/przedszkole8.pl\/wp-content\/uploads\/2023\/02\/326554564_523661506574029_2220453683162953045_n.jpg?w=1100&amp;ssl=1 1100w, https:\/\/i0.wp.com\/przedszkole8.pl\/wp-content\/uploads\/2023\/02\/326554564_523661506574029_2220453683162953045_n.jpg?w=1650&amp;ssl=1 1650w\" sizes=\"auto, (max-width: 300px) 100vw, 300px\" \/><\/a> <a href=\"https:\/\/i0.wp.com\/przedszkole8.pl\/wp-content\/uploads\/2023\/02\/326691712_1385515695598874_1174643239380871567_n.jpg?ssl=1\"><img data-recalc-dims=\"1\" loading=\"lazy\" decoding=\"async\" data-attachment-id=\"11634\" data-permalink=\"https:\/\/przedszkole8.pl\/?attachment_id=11634\" data-orig-file=\"https:\/\/i0.wp.com\/przedszkole8.pl\/wp-content\/uploads\/2023\/02\/326691712_1385515695598874_1174643239380871567_n.jpg?fit=2048%2C1536&amp;ssl=1\" data-orig-size=\"2048,1536\" data-comments-opened=\"0\" data-image-meta=\"{&quot;aperture&quot;:&quot;0&quot;,&quot;credit&quot;:&quot;&quot;,&quot;camera&quot;:&quot;&quot;,&quot;caption&quot;:&quot;&quot;,&quot;created_timestamp&quot;:&quot;0&quot;,&quot;copyright&quot;:&quot;&quot;,&quot;focal_length&quot;:&quot;0&quot;,&quot;iso&quot;:&quot;0&quot;,&quot;shutter_speed&quot;:&quot;0&quot;,&quot;title&quot;:&quot;&quot;,&quot;orientation&quot;:&quot;0&quot;}\" data-image-title=\"326691712_1385515695598874_1174643239380871567_n\" data-image-description=\"\" data-image-caption=\"\" data-medium-file=\"https:\/\/i0.wp.com\/przedszkole8.pl\/wp-content\/uploads\/2023\/02\/326691712_1385515695598874_1174643239380871567_n.jpg?fit=300%2C225&amp;ssl=1\" data-large-file=\"https:\/\/i0.wp.com\/przedszkole8.pl\/wp-content\/uploads\/2023\/02\/326691712_1385515695598874_1174643239380871567_n.jpg?fit=550%2C413&amp;ssl=1\" class=\"alignnone wp-image-11634\" src=\"https:\/\/i0.wp.com\/przedszkole8.pl\/wp-content\/uploads\/2023\/02\/326691712_1385515695598874_1174643239380871567_n.jpg?resize=325%2C244&#038;ssl=1\" alt=\"326691712_1385515695598874_1174643239380871567_n\" width=\"325\" height=\"244\" srcset=\"https:\/\/i0.wp.com\/przedszkole8.pl\/wp-content\/uploads\/2023\/02\/326691712_1385515695598874_1174643239380871567_n.jpg?resize=300%2C225&amp;ssl=1 300w, https:\/\/i0.wp.com\/przedszkole8.pl\/wp-content\/uploads\/2023\/02\/326691712_1385515695598874_1174643239380871567_n.jpg?resize=768%2C576&amp;ssl=1 768w, https:\/\/i0.wp.com\/przedszkole8.pl\/wp-content\/uploads\/2023\/02\/326691712_1385515695598874_1174643239380871567_n.jpg?resize=1024%2C768&amp;ssl=1 1024w, https:\/\/i0.wp.com\/przedszkole8.pl\/wp-content\/uploads\/2023\/02\/326691712_1385515695598874_1174643239380871567_n.jpg?w=2048&amp;ssl=1 2048w, https:\/\/i0.wp.com\/przedszkole8.pl\/wp-content\/uploads\/2023\/02\/326691712_1385515695598874_1174643239380871567_n.jpg?w=1100&amp;ssl=1 1100w, https:\/\/i0.wp.com\/przedszkole8.pl\/wp-content\/uploads\/2023\/02\/326691712_1385515695598874_1174643239380871567_n.jpg?w=1650&amp;ssl=1 1650w\" sizes=\"auto, (max-width: 325px) 100vw, 325px\" \/><\/a><\/p>\n<p>&nbsp;<\/p>\n<p><a href=\"https:\/\/i0.wp.com\/przedszkole8.pl\/wp-content\/uploads\/2023\/02\/331737505_2245307538989633_8053505482111917293_n.jpg?ssl=1\"><img data-recalc-dims=\"1\" loading=\"lazy\" decoding=\"async\" data-attachment-id=\"11636\" data-permalink=\"https:\/\/przedszkole8.pl\/?attachment_id=11636\" data-orig-file=\"https:\/\/i0.wp.com\/przedszkole8.pl\/wp-content\/uploads\/2023\/02\/331737505_2245307538989633_8053505482111917293_n.jpg?fit=732%2C683&amp;ssl=1\" data-orig-size=\"732,683\" data-comments-opened=\"0\" data-image-meta=\"{&quot;aperture&quot;:&quot;0&quot;,&quot;credit&quot;:&quot;&quot;,&quot;camera&quot;:&quot;&quot;,&quot;caption&quot;:&quot;&quot;,&quot;created_timestamp&quot;:&quot;0&quot;,&quot;copyright&quot;:&quot;&quot;,&quot;focal_length&quot;:&quot;0&quot;,&quot;iso&quot;:&quot;0&quot;,&quot;shutter_speed&quot;:&quot;0&quot;,&quot;title&quot;:&quot;&quot;,&quot;orientation&quot;:&quot;0&quot;}\" data-image-title=\"331737505_2245307538989633_8053505482111917293_n\" data-image-description=\"\" data-image-caption=\"\" data-medium-file=\"https:\/\/i0.wp.com\/przedszkole8.pl\/wp-content\/uploads\/2023\/02\/331737505_2245307538989633_8053505482111917293_n.jpg?fit=300%2C280&amp;ssl=1\" data-large-file=\"https:\/\/i0.wp.com\/przedszkole8.pl\/wp-content\/uploads\/2023\/02\/331737505_2245307538989633_8053505482111917293_n.jpg?fit=550%2C513&amp;ssl=1\" class=\"alignnone wp-image-11636\" src=\"https:\/\/i0.wp.com\/przedszkole8.pl\/wp-content\/uploads\/2023\/02\/331737505_2245307538989633_8053505482111917293_n.jpg?resize=237%2C221&#038;ssl=1\" alt=\"331737505_2245307538989633_8053505482111917293_n\" width=\"237\" height=\"221\" srcset=\"https:\/\/i0.wp.com\/przedszkole8.pl\/wp-content\/uploads\/2023\/02\/331737505_2245307538989633_8053505482111917293_n.jpg?resize=300%2C280&amp;ssl=1 300w, https:\/\/i0.wp.com\/przedszkole8.pl\/wp-content\/uploads\/2023\/02\/331737505_2245307538989633_8053505482111917293_n.jpg?w=732&amp;ssl=1 732w\" sizes=\"auto, (max-width: 237px) 100vw, 237px\" \/><\/a> <a href=\"https:\/\/i0.wp.com\/przedszkole8.pl\/wp-content\/uploads\/2023\/02\/331697873_1144659852887554_6850258863941340166_n.jpg?ssl=1\"><img data-recalc-dims=\"1\" loading=\"lazy\" decoding=\"async\" class=\"alignnone size-medium wp-image-11637\" src=\"https:\/\/i0.wp.com\/przedszkole8.pl\/wp-content\/uploads\/2023\/02\/331697873_1144659852887554_6850258863941340166_n-300x225.jpg?resize=300%2C225&#038;ssl=1\" alt=\"331697873_1144659852887554_6850258863941340166_n\" width=\"300\" height=\"225\" \/><\/a><\/p>\n","protected":false},"excerpt":{"rendered":"<p>7 lutego grupa Puchatk\u00f3w obchodzi\u0142a \u015bwi\u0119to\u00a0 Dnia Babci i Dziadka. Dzi\u0119kujemy za wspania\u0142\u0105 publiczno\u015b\u0107. Dzieci za\u015bpiewa\u0142y piosenki, by\u0142y ta\u0144ce i zabawy z dziadkami. Pyszne ciasta upieczone przez rodzic\u00f3w. Dzi\u0119kujemy! . &nbsp;<\/p>\n","protected":false},"author":9,"featured_media":0,"comment_status":"closed","ping_status":"closed","sticky":false,"template":"","format":"standard","meta":{"jetpack_post_was_ever_published":false,"_jetpack_newsletter_access":"","_jetpack_dont_email_post_to_subs":true,"_jetpack_newsletter_tier_id":0,"_jetpack_memberships_contains_paywalled_content":false,"_jetpack_memberships_contains_paid_content":false,"footnotes":"","jetpack_publicize_message":"","jetpack_publicize_feature_enabled":true,"jetpack_social_post_already_shared":true,"jetpack_social_options":{"image_generator_settings":{"template":"highway","default_image_id":0,"font":"","enabled":false},"version":2}},"categories":[37],"tags":[],"class_list":["post-11632","post","type-post","status-publish","format-standard","hentry","category-puchatki-2022-2023"],"jetpack_publicize_connections":[],"jetpack_featured_media_url":"","jetpack_sharing_enabled":true,"jetpack_shortlink":"https:\/\/wp.me\/p7NQjT-31C","jetpack-related-posts":[],"_links":{"self":[{"href":"https:\/\/przedszkole8.pl\/index.php?rest_route=\/wp\/v2\/posts\/11632","targetHints":{"allow":["GET"]}}],"collection":[{"href":"https:\/\/przedszkole8.pl\/index.php?rest_route=\/wp\/v2\/posts"}],"about":[{"href":"https:\/\/przedszkole8.pl\/index.php?rest_route=\/wp\/v2\/types\/post"}],"author":[{"embeddable":true,"href":"https:\/\/przedszkole8.pl\/index.php?rest_route=\/wp\/v2\/users\/9"}],"replies":[{"embeddable":true,"href":"https:\/\/przedszkole8.pl\/index.php?rest_route=%2Fwp%2Fv2%2Fcomments&post=11632"}],"version-history":[{"count":3,"href":"https:\/\/przedszkole8.pl\/index.php?rest_route=\/wp\/v2\/posts\/11632\/revisions"}],"predecessor-version":[{"id":11642,"href":"https:\/\/przedszkole8.pl\/index.php?rest_route=\/wp\/v2\/posts\/11632\/revisions\/11642"}],"wp:attachment":[{"href":"https:\/\/przedszkole8.pl\/index.php?rest_route=%2Fwp%2Fv2%2Fmedia&parent=11632"}],"wp:term":[{"taxonomy":"category","embeddable":true,"href":"https:\/\/przedszkole8.pl\/index.php?rest_route=%2Fwp%2Fv2%2Fcategories&post=11632"},{"taxonomy":"post_tag","embeddable":true,"href":"https:\/\/przedszkole8.pl\/index.php?rest_route=%2Fwp%2Fv2%2Ftags&post=11632"}],"curies":[{"name":"wp","href":"https:\/\/api.w.org\/{rel}","templated":true}]}}