{"id":11626,"date":"2023-02-21T21:47:36","date_gmt":"2023-02-21T21:47:36","guid":{"rendered":"http:\/\/przedszkole8.pl\/?p=11626"},"modified":"2023-02-21T21:47:55","modified_gmt":"2023-02-21T21:47:55","slug":"mobilne-planetarium-orbitek","status":"publish","type":"post","link":"https:\/\/przedszkole8.pl\/?p=11626","title":{"rendered":"Mobilne Planetarium Orbitek"},"content":{"rendered":"<p>31 Stycznia nasze przedszkole odwiedzi\u0142o mobilne planetarium &#8222;Orbitek&#8221;. By\u0142y opowie\u015bci o planetach a nast\u0119pnie wej\u015bcie do kopu\u0142y w kt\u00f3rej ogl\u0105dali\u015bmy seans o kosmosie. Pozdrawiamy z kosmicznej wyprawy! \ud83d\ude42<\/p>\n<p><a href=\"https:\/\/i0.wp.com\/przedszkole8.pl\/wp-content\/uploads\/2023\/02\/20230131_114705.jpg?ssl=1\"><img data-recalc-dims=\"1\" loading=\"lazy\" decoding=\"async\" data-attachment-id=\"11627\" data-permalink=\"https:\/\/przedszkole8.pl\/?attachment_id=11627\" data-orig-file=\"https:\/\/i0.wp.com\/przedszkole8.pl\/wp-content\/uploads\/2023\/02\/20230131_114705.jpg?fit=4608%2C2592&amp;ssl=1\" data-orig-size=\"4608,2592\" data-comments-opened=\"0\" data-image-meta=\"{&quot;aperture&quot;:&quot;1,7&quot;,&quot;credit&quot;:&quot;&quot;,&quot;camera&quot;:&quot;SM-A405FN&quot;,&quot;caption&quot;:&quot;&quot;,&quot;created_timestamp&quot;:&quot;1675165625&quot;,&quot;copyright&quot;:&quot;&quot;,&quot;focal_length&quot;:&quot;3,92&quot;,&quot;iso&quot;:&quot;200&quot;,&quot;shutter_speed&quot;:&quot;0,02&quot;,&quot;title&quot;:&quot;&quot;,&quot;orientation&quot;:&quot;6&quot;}\" data-image-title=\"20230131_114705\" data-image-description=\"\" data-image-caption=\"\" data-medium-file=\"https:\/\/i0.wp.com\/przedszkole8.pl\/wp-content\/uploads\/2023\/02\/20230131_114705.jpg?fit=300%2C169&amp;ssl=1\" data-large-file=\"https:\/\/i0.wp.com\/przedszkole8.pl\/wp-content\/uploads\/2023\/02\/20230131_114705.jpg?fit=550%2C309&amp;ssl=1\" class=\"alignnone size-medium wp-image-11627\" src=\"https:\/\/i0.wp.com\/przedszkole8.pl\/wp-content\/uploads\/2023\/02\/20230131_114705.jpg?resize=300%2C169&#038;ssl=1\" alt=\"20230131_114705\" width=\"300\" height=\"169\" srcset=\"https:\/\/i0.wp.com\/przedszkole8.pl\/wp-content\/uploads\/2023\/02\/20230131_114705.jpg?resize=300%2C169&amp;ssl=1 300w, https:\/\/i0.wp.com\/przedszkole8.pl\/wp-content\/uploads\/2023\/02\/20230131_114705.jpg?resize=768%2C432&amp;ssl=1 768w, https:\/\/i0.wp.com\/przedszkole8.pl\/wp-content\/uploads\/2023\/02\/20230131_114705.jpg?resize=1024%2C576&amp;ssl=1 1024w, https:\/\/i0.wp.com\/przedszkole8.pl\/wp-content\/uploads\/2023\/02\/20230131_114705.jpg?w=1100&amp;ssl=1 1100w, https:\/\/i0.wp.com\/przedszkole8.pl\/wp-content\/uploads\/2023\/02\/20230131_114705.jpg?w=1650&amp;ssl=1 1650w\" sizes=\"auto, (max-width: 300px) 100vw, 300px\" \/><\/a><a href=\"https:\/\/i0.wp.com\/przedszkole8.pl\/wp-content\/uploads\/2023\/02\/20230131_114930.jpg?ssl=1\"><img data-recalc-dims=\"1\" loading=\"lazy\" decoding=\"async\" data-attachment-id=\"11630\" data-permalink=\"https:\/\/przedszkole8.pl\/?attachment_id=11630\" data-orig-file=\"https:\/\/i0.wp.com\/przedszkole8.pl\/wp-content\/uploads\/2023\/02\/20230131_114930.jpg?fit=4608%2C2592&amp;ssl=1\" data-orig-size=\"4608,2592\" data-comments-opened=\"0\" data-image-meta=\"{&quot;aperture&quot;:&quot;1,7&quot;,&quot;credit&quot;:&quot;&quot;,&quot;camera&quot;:&quot;SM-A405FN&quot;,&quot;caption&quot;:&quot;&quot;,&quot;created_timestamp&quot;:&quot;1675165770&quot;,&quot;copyright&quot;:&quot;&quot;,&quot;focal_length&quot;:&quot;3,92&quot;,&quot;iso&quot;:&quot;160&quot;,&quot;shutter_speed&quot;:&quot;0,016666666666667&quot;,&quot;title&quot;:&quot;&quot;,&quot;orientation&quot;:&quot;6&quot;}\" data-image-title=\"20230131_114930\" data-image-description=\"\" data-image-caption=\"\" data-medium-file=\"https:\/\/i0.wp.com\/przedszkole8.pl\/wp-content\/uploads\/2023\/02\/20230131_114930.jpg?fit=300%2C169&amp;ssl=1\" data-large-file=\"https:\/\/i0.wp.com\/przedszkole8.pl\/wp-content\/uploads\/2023\/02\/20230131_114930.jpg?fit=550%2C309&amp;ssl=1\" class=\"alignnone size-medium wp-image-11630\" src=\"https:\/\/i0.wp.com\/przedszkole8.pl\/wp-content\/uploads\/2023\/02\/20230131_114930.jpg?resize=300%2C169&#038;ssl=1\" alt=\"20230131_114930\" width=\"300\" height=\"169\" srcset=\"https:\/\/i0.wp.com\/przedszkole8.pl\/wp-content\/uploads\/2023\/02\/20230131_114930.jpg?resize=300%2C169&amp;ssl=1 300w, https:\/\/i0.wp.com\/przedszkole8.pl\/wp-content\/uploads\/2023\/02\/20230131_114930.jpg?resize=768%2C432&amp;ssl=1 768w, https:\/\/i0.wp.com\/przedszkole8.pl\/wp-content\/uploads\/2023\/02\/20230131_114930.jpg?resize=1024%2C576&amp;ssl=1 1024w, https:\/\/i0.wp.com\/przedszkole8.pl\/wp-content\/uploads\/2023\/02\/20230131_114930.jpg?w=1100&amp;ssl=1 1100w, https:\/\/i0.wp.com\/przedszkole8.pl\/wp-content\/uploads\/2023\/02\/20230131_114930.jpg?w=1650&amp;ssl=1 1650w\" sizes=\"auto, (max-width: 300px) 100vw, 300px\" \/><\/a><a href=\"https:\/\/i0.wp.com\/przedszkole8.pl\/wp-content\/uploads\/2023\/02\/20230131_114856.jpg?ssl=1\"><img data-recalc-dims=\"1\" loading=\"lazy\" decoding=\"async\" data-attachment-id=\"11629\" data-permalink=\"https:\/\/przedszkole8.pl\/?attachment_id=11629\" data-orig-file=\"https:\/\/i0.wp.com\/przedszkole8.pl\/wp-content\/uploads\/2023\/02\/20230131_114856.jpg?fit=4608%2C2592&amp;ssl=1\" data-orig-size=\"4608,2592\" data-comments-opened=\"0\" data-image-meta=\"{&quot;aperture&quot;:&quot;1,7&quot;,&quot;credit&quot;:&quot;&quot;,&quot;camera&quot;:&quot;SM-A405FN&quot;,&quot;caption&quot;:&quot;&quot;,&quot;created_timestamp&quot;:&quot;1675165736&quot;,&quot;copyright&quot;:&quot;&quot;,&quot;focal_length&quot;:&quot;3,92&quot;,&quot;iso&quot;:&quot;250&quot;,&quot;shutter_speed&quot;:&quot;0,01&quot;,&quot;title&quot;:&quot;&quot;,&quot;orientation&quot;:&quot;6&quot;}\" data-image-title=\"20230131_114856\" data-image-description=\"\" data-image-caption=\"\" data-medium-file=\"https:\/\/i0.wp.com\/przedszkole8.pl\/wp-content\/uploads\/2023\/02\/20230131_114856.jpg?fit=300%2C169&amp;ssl=1\" data-large-file=\"https:\/\/i0.wp.com\/przedszkole8.pl\/wp-content\/uploads\/2023\/02\/20230131_114856.jpg?fit=550%2C309&amp;ssl=1\" class=\"alignnone size-medium wp-image-11629\" src=\"https:\/\/i0.wp.com\/przedszkole8.pl\/wp-content\/uploads\/2023\/02\/20230131_114856.jpg?resize=300%2C169&#038;ssl=1\" alt=\"20230131_114856\" width=\"300\" height=\"169\" srcset=\"https:\/\/i0.wp.com\/przedszkole8.pl\/wp-content\/uploads\/2023\/02\/20230131_114856.jpg?resize=300%2C169&amp;ssl=1 300w, https:\/\/i0.wp.com\/przedszkole8.pl\/wp-content\/uploads\/2023\/02\/20230131_114856.jpg?resize=768%2C432&amp;ssl=1 768w, https:\/\/i0.wp.com\/przedszkole8.pl\/wp-content\/uploads\/2023\/02\/20230131_114856.jpg?resize=1024%2C576&amp;ssl=1 1024w, https:\/\/i0.wp.com\/przedszkole8.pl\/wp-content\/uploads\/2023\/02\/20230131_114856.jpg?w=1100&amp;ssl=1 1100w, https:\/\/i0.wp.com\/przedszkole8.pl\/wp-content\/uploads\/2023\/02\/20230131_114856.jpg?w=1650&amp;ssl=1 1650w\" sizes=\"auto, (max-width: 300px) 100vw, 300px\" \/><\/a><a href=\"https:\/\/i0.wp.com\/przedszkole8.pl\/wp-content\/uploads\/2023\/02\/IMG-5958.jpg?ssl=1\"><img data-recalc-dims=\"1\" loading=\"lazy\" decoding=\"async\" class=\"alignnone wp-image-11583\" src=\"https:\/\/i0.wp.com\/przedszkole8.pl\/wp-content\/uploads\/2023\/02\/IMG-5958-300x225.jpg?resize=550%2C413&#038;ssl=1\" alt=\"img-5958\" width=\"550\" height=\"413\" \/><\/a><a href=\"https:\/\/i0.wp.com\/przedszkole8.pl\/wp-content\/uploads\/2023\/02\/20230131_114839.jpg?ssl=1\"><img data-recalc-dims=\"1\" loading=\"lazy\" decoding=\"async\" data-attachment-id=\"11628\" data-permalink=\"https:\/\/przedszkole8.pl\/?attachment_id=11628\" data-orig-file=\"https:\/\/i0.wp.com\/przedszkole8.pl\/wp-content\/uploads\/2023\/02\/20230131_114839.jpg?fit=2592%2C4608&amp;ssl=1\" data-orig-size=\"2592,4608\" data-comments-opened=\"0\" data-image-meta=\"{&quot;aperture&quot;:&quot;1,7&quot;,&quot;credit&quot;:&quot;&quot;,&quot;camera&quot;:&quot;SM-A405FN&quot;,&quot;caption&quot;:&quot;&quot;,&quot;created_timestamp&quot;:&quot;1675165719&quot;,&quot;copyright&quot;:&quot;&quot;,&quot;focal_length&quot;:&quot;3,92&quot;,&quot;iso&quot;:&quot;320&quot;,&quot;shutter_speed&quot;:&quot;0,01&quot;,&quot;title&quot;:&quot;&quot;,&quot;orientation&quot;:&quot;1&quot;}\" data-image-title=\"20230131_114839\" data-image-description=\"\" data-image-caption=\"\" data-medium-file=\"https:\/\/i0.wp.com\/przedszkole8.pl\/wp-content\/uploads\/2023\/02\/20230131_114839.jpg?fit=169%2C300&amp;ssl=1\" data-large-file=\"https:\/\/i0.wp.com\/przedszkole8.pl\/wp-content\/uploads\/2023\/02\/20230131_114839.jpg?fit=550%2C978&amp;ssl=1\" class=\"wp-image-11628 alignleft\" src=\"https:\/\/i0.wp.com\/przedszkole8.pl\/wp-content\/uploads\/2023\/02\/20230131_114839.jpg?resize=299%2C530&#038;ssl=1\" alt=\"20230131_114839\" width=\"299\" height=\"530\" srcset=\"https:\/\/i0.wp.com\/przedszkole8.pl\/wp-content\/uploads\/2023\/02\/20230131_114839.jpg?resize=169%2C300&amp;ssl=1 169w, https:\/\/i0.wp.com\/przedszkole8.pl\/wp-content\/uploads\/2023\/02\/20230131_114839.jpg?resize=768%2C1365&amp;ssl=1 768w, https:\/\/i0.wp.com\/przedszkole8.pl\/wp-content\/uploads\/2023\/02\/20230131_114839.jpg?zoom=2&amp;resize=299%2C530&amp;ssl=1 598w, https:\/\/i0.wp.com\/przedszkole8.pl\/wp-content\/uploads\/2023\/02\/20230131_114839.jpg?zoom=3&amp;resize=299%2C530&amp;ssl=1 897w\" sizes=\"auto, (max-width: 299px) 100vw, 299px\" \/><\/a><\/p>\n","protected":false},"excerpt":{"rendered":"<p>31 Stycznia nasze przedszkole odwiedzi\u0142o mobilne planetarium &#8222;Orbitek&#8221;. By\u0142y opowie\u015bci o planetach a nast\u0119pnie wej\u015bcie do kopu\u0142y w kt\u00f3rej ogl\u0105dali\u015bmy seans o kosmosie. Pozdrawiamy z kosmicznej wyprawy! \ud83d\ude42<\/p>\n","protected":false},"author":9,"featured_media":0,"comment_status":"closed","ping_status":"closed","sticky":false,"template":"","format":"standard","meta":{"jetpack_post_was_ever_published":false,"_jetpack_newsletter_access":"","_jetpack_dont_email_post_to_subs":true,"_jetpack_newsletter_tier_id":0,"_jetpack_memberships_contains_paywalled_content":false,"_jetpack_memberships_contains_paid_content":false,"footnotes":"","jetpack_publicize_message":"","jetpack_publicize_feature_enabled":true,"jetpack_social_post_already_shared":true,"jetpack_social_options":{"image_generator_settings":{"template":"highway","default_image_id":0,"font":"","enabled":false},"version":2}},"categories":[37],"tags":[],"class_list":["post-11626","post","type-post","status-publish","format-standard","hentry","category-puchatki-2022-2023"],"jetpack_publicize_connections":[],"jetpack_featured_media_url":"","jetpack_sharing_enabled":true,"jetpack_shortlink":"https:\/\/wp.me\/p7NQjT-31w","jetpack-related-posts":[],"_links":{"self":[{"href":"https:\/\/przedszkole8.pl\/index.php?rest_route=\/wp\/v2\/posts\/11626","targetHints":{"allow":["GET"]}}],"collection":[{"href":"https:\/\/przedszkole8.pl\/index.php?rest_route=\/wp\/v2\/posts"}],"about":[{"href":"https:\/\/przedszkole8.pl\/index.php?rest_route=\/wp\/v2\/types\/post"}],"author":[{"embeddable":true,"href":"https:\/\/przedszkole8.pl\/index.php?rest_route=\/wp\/v2\/users\/9"}],"replies":[{"embeddable":true,"href":"https:\/\/przedszkole8.pl\/index.php?rest_route=%2Fwp%2Fv2%2Fcomments&post=11626"}],"version-history":[{"count":1,"href":"https:\/\/przedszkole8.pl\/index.php?rest_route=\/wp\/v2\/posts\/11626\/revisions"}],"predecessor-version":[{"id":11631,"href":"https:\/\/przedszkole8.pl\/index.php?rest_route=\/wp\/v2\/posts\/11626\/revisions\/11631"}],"wp:attachment":[{"href":"https:\/\/przedszkole8.pl\/index.php?rest_route=%2Fwp%2Fv2%2Fmedia&parent=11626"}],"wp:term":[{"taxonomy":"category","embeddable":true,"href":"https:\/\/przedszkole8.pl\/index.php?rest_route=%2Fwp%2Fv2%2Fcategories&post=11626"},{"taxonomy":"post_tag","embeddable":true,"href":"https:\/\/przedszkole8.pl\/index.php?rest_route=%2Fwp%2Fv2%2Ftags&post=11626"}],"curies":[{"name":"wp","href":"https:\/\/api.w.org\/{rel}","templated":true}]}}