{"id":11605,"date":"2023-02-21T09:15:39","date_gmt":"2023-02-21T09:15:39","guid":{"rendered":"http:\/\/przedszkole8.pl\/?p=11605"},"modified":"2023-02-21T09:15:39","modified_gmt":"2023-02-21T09:15:39","slug":"bal-witaminek","status":"publish","type":"post","link":"https:\/\/przedszkole8.pl\/?p=11605","title":{"rendered":"Bal witaminek"},"content":{"rendered":"<p>10 lutego odby\u0142 si\u0119 bal witaminek. \u015awi\u0119towali\u015bmy z podzia\u0142em na strefy &#8211; jako pierwsze bawi\u0142y si\u0119 Puchatki i Uszatki, a nast\u0119pnie Gumisie, Misiaki i Nied\u017awiadki.<\/p>\n<p><a href=\"https:\/\/przedszkole8.pl\/?attachment_id=11606\" rel=\"attachment wp-att-11606\"><img data-recalc-dims=\"1\" loading=\"lazy\" decoding=\"async\" class=\"alignnone size-medium wp-image-11606\" src=\"https:\/\/i0.wp.com\/przedszkole8.pl\/wp-content\/uploads\/2023\/02\/PHOTO-2023-02-17-09-48-59-300x225.jpg?resize=300%2C225&#038;ssl=1\" alt=\"photo-2023-02-17-09-48-59\" width=\"300\" height=\"225\" \/><\/a> <a href=\"https:\/\/przedszkole8.pl\/?attachment_id=11607\" rel=\"attachment wp-att-11607\"><img data-recalc-dims=\"1\" loading=\"lazy\" decoding=\"async\" class=\"alignnone size-medium wp-image-11607\" src=\"https:\/\/i0.wp.com\/przedszkole8.pl\/wp-content\/uploads\/2023\/02\/PHOTO-2023-02-17-09-48-44-225x300.jpg?resize=225%2C300&#038;ssl=1\" alt=\"photo-2023-02-17-09-48-44\" width=\"225\" height=\"300\" \/><\/a> <a href=\"https:\/\/przedszkole8.pl\/?attachment_id=11608\" rel=\"attachment wp-att-11608\"><img data-recalc-dims=\"1\" loading=\"lazy\" decoding=\"async\" class=\"alignnone size-medium wp-image-11608\" src=\"https:\/\/i0.wp.com\/przedszkole8.pl\/wp-content\/uploads\/2023\/02\/PHOTO-2023-02-17-09-48-26-300x225.jpg?resize=300%2C225&#038;ssl=1\" alt=\"photo-2023-02-17-09-48-26\" width=\"300\" height=\"225\" \/><\/a> <a href=\"https:\/\/przedszkole8.pl\/?attachment_id=11609\" rel=\"attachment wp-att-11609\"><img data-recalc-dims=\"1\" loading=\"lazy\" decoding=\"async\" class=\"alignnone size-medium wp-image-11609\" src=\"https:\/\/i0.wp.com\/przedszkole8.pl\/wp-content\/uploads\/2023\/02\/PHOTO-2023-02-17-09-48-08-300x225.jpg?resize=300%2C225&#038;ssl=1\" alt=\"photo-2023-02-17-09-48-08\" width=\"300\" height=\"225\" \/><\/a> <a href=\"https:\/\/przedszkole8.pl\/?attachment_id=11610\" rel=\"attachment wp-att-11610\"><img data-recalc-dims=\"1\" loading=\"lazy\" decoding=\"async\" class=\"alignnone size-medium wp-image-11610\" src=\"https:\/\/i0.wp.com\/przedszkole8.pl\/wp-content\/uploads\/2023\/02\/IMG-6128-300x225.jpg?resize=300%2C225&#038;ssl=1\" alt=\"img-6128\" width=\"300\" height=\"225\" \/><\/a> <a href=\"https:\/\/przedszkole8.pl\/?attachment_id=11611\" rel=\"attachment wp-att-11611\"><img data-recalc-dims=\"1\" loading=\"lazy\" decoding=\"async\" class=\"alignnone size-medium wp-image-11611\" src=\"https:\/\/i0.wp.com\/przedszkole8.pl\/wp-content\/uploads\/2023\/02\/IMG-6120-300x225.jpg?resize=300%2C225&#038;ssl=1\" alt=\"img-6120\" width=\"300\" height=\"225\" \/><\/a> <a href=\"https:\/\/przedszkole8.pl\/?attachment_id=11612\" rel=\"attachment wp-att-11612\"><img data-recalc-dims=\"1\" loading=\"lazy\" decoding=\"async\" class=\"alignnone size-medium wp-image-11612\" src=\"https:\/\/i0.wp.com\/przedszkole8.pl\/wp-content\/uploads\/2023\/02\/IMG-6068-300x225.jpg?resize=300%2C225&#038;ssl=1\" alt=\"img-6068\" width=\"300\" height=\"225\" \/><\/a> <a href=\"https:\/\/przedszkole8.pl\/?attachment_id=11613\" rel=\"attachment wp-att-11613\"><img data-recalc-dims=\"1\" loading=\"lazy\" decoding=\"async\" class=\"alignnone size-medium wp-image-11613\" src=\"https:\/\/i0.wp.com\/przedszkole8.pl\/wp-content\/uploads\/2023\/02\/IMG-6077-300x225.jpg?resize=300%2C225&#038;ssl=1\" alt=\"img-6077\" width=\"300\" height=\"225\" \/><\/a> <a href=\"https:\/\/przedszkole8.pl\/?attachment_id=11614\" rel=\"attachment wp-att-11614\"><img data-recalc-dims=\"1\" loading=\"lazy\" decoding=\"async\" class=\"alignnone size-medium wp-image-11614\" src=\"https:\/\/i0.wp.com\/przedszkole8.pl\/wp-content\/uploads\/2023\/02\/IMG-6079-300x225.jpg?resize=300%2C225&#038;ssl=1\" alt=\"img-6079\" width=\"300\" height=\"225\" \/><\/a> <a href=\"https:\/\/przedszkole8.pl\/?attachment_id=11615\" rel=\"attachment wp-att-11615\"><img data-recalc-dims=\"1\" loading=\"lazy\" decoding=\"async\" class=\"alignnone size-medium wp-image-11615\" src=\"https:\/\/i0.wp.com\/przedszkole8.pl\/wp-content\/uploads\/2023\/02\/IMG-6056-300x225.jpg?resize=300%2C225&#038;ssl=1\" alt=\"img-6056\" width=\"300\" height=\"225\" \/><\/a><\/p>\n","protected":false},"excerpt":{"rendered":"<p>10 lutego odby\u0142 si\u0119 bal witaminek. \u015awi\u0119towali\u015bmy z podzia\u0142em na strefy &#8211; jako pierwsze bawi\u0142y si\u0119 Puchatki i Uszatki, a nast\u0119pnie Gumisie, Misiaki i Nied\u017awiadki.<\/p>\n","protected":false},"author":24,"featured_media":0,"comment_status":"closed","ping_status":"closed","sticky":false,"template":"","format":"standard","meta":{"jetpack_post_was_ever_published":false,"_jetpack_newsletter_access":"","_jetpack_dont_email_post_to_subs":false,"_jetpack_newsletter_tier_id":0,"_jetpack_memberships_contains_paywalled_content":false,"_jetpack_memberships_contains_paid_content":false,"footnotes":"","jetpack_publicize_message":"","jetpack_publicize_feature_enabled":true,"jetpack_social_post_already_shared":true,"jetpack_social_options":{"image_generator_settings":{"template":"highway","default_image_id":0,"font":"","enabled":false},"version":2}},"categories":[15],"tags":[],"class_list":["post-11605","post","type-post","status-publish","format-standard","hentry","category-z-zycia-przedszkola"],"jetpack_publicize_connections":[],"jetpack_featured_media_url":"","jetpack_sharing_enabled":true,"jetpack_shortlink":"https:\/\/wp.me\/p7NQjT-31b","jetpack-related-posts":[],"_links":{"self":[{"href":"https:\/\/przedszkole8.pl\/index.php?rest_route=\/wp\/v2\/posts\/11605","targetHints":{"allow":["GET"]}}],"collection":[{"href":"https:\/\/przedszkole8.pl\/index.php?rest_route=\/wp\/v2\/posts"}],"about":[{"href":"https:\/\/przedszkole8.pl\/index.php?rest_route=\/wp\/v2\/types\/post"}],"author":[{"embeddable":true,"href":"https:\/\/przedszkole8.pl\/index.php?rest_route=\/wp\/v2\/users\/24"}],"replies":[{"embeddable":true,"href":"https:\/\/przedszkole8.pl\/index.php?rest_route=%2Fwp%2Fv2%2Fcomments&post=11605"}],"version-history":[{"count":1,"href":"https:\/\/przedszkole8.pl\/index.php?rest_route=\/wp\/v2\/posts\/11605\/revisions"}],"predecessor-version":[{"id":11616,"href":"https:\/\/przedszkole8.pl\/index.php?rest_route=\/wp\/v2\/posts\/11605\/revisions\/11616"}],"wp:attachment":[{"href":"https:\/\/przedszkole8.pl\/index.php?rest_route=%2Fwp%2Fv2%2Fmedia&parent=11605"}],"wp:term":[{"taxonomy":"category","embeddable":true,"href":"https:\/\/przedszkole8.pl\/index.php?rest_route=%2Fwp%2Fv2%2Fcategories&post=11605"},{"taxonomy":"post_tag","embeddable":true,"href":"https:\/\/przedszkole8.pl\/index.php?rest_route=%2Fwp%2Fv2%2Ftags&post=11605"}],"curies":[{"name":"wp","href":"https:\/\/api.w.org\/{rel}","templated":true}]}}