{"id":11596,"date":"2023-02-21T09:06:15","date_gmt":"2023-02-21T09:06:15","guid":{"rendered":"http:\/\/przedszkole8.pl\/?p=11596"},"modified":"2023-02-21T09:06:15","modified_gmt":"2023-02-21T09:06:15","slug":"pracownik-portu-w-uszatkach","status":"publish","type":"post","link":"https:\/\/przedszkole8.pl\/?p=11596","title":{"rendered":"Pracownik portu w Uszatkach"},"content":{"rendered":"<p>9 lutego nasz\u0105 grup\u0119 odwiedzi\u0142 Pan Bartek, kt\u00f3ry pracuje w porcie. Opowiedzia\u0142 nam jak wygl\u0105da jego praca i jak przetransportowa\u0107 zabawki z jednego ko\u0144ca \u015bwiata na drugi.<\/p>\n<p><a href=\"https:\/\/przedszkole8.pl\/?attachment_id=11603\" rel=\"attachment wp-att-11603\"><img data-recalc-dims=\"1\" loading=\"lazy\" decoding=\"async\" class=\"alignnone size-medium wp-image-11603\" src=\"https:\/\/i0.wp.com\/przedszkole8.pl\/wp-content\/uploads\/2023\/02\/IMG-6025-1-300x225.jpg?resize=300%2C225&#038;ssl=1\" alt=\"img-6025-1\" width=\"300\" height=\"225\" \/><\/a><a href=\"https:\/\/przedszkole8.pl\/?attachment_id=11602\" rel=\"attachment wp-att-11602\"><img data-recalc-dims=\"1\" loading=\"lazy\" decoding=\"async\" class=\"alignnone size-medium wp-image-11602\" src=\"https:\/\/i0.wp.com\/przedszkole8.pl\/wp-content\/uploads\/2023\/02\/IMG-6026-1-300x225.jpg?resize=300%2C225&#038;ssl=1\" alt=\"img-6026-1\" width=\"300\" height=\"225\" \/><\/a><a href=\"https:\/\/przedszkole8.pl\/?attachment_id=11598\" rel=\"attachment wp-att-11598\"><img data-recalc-dims=\"1\" loading=\"lazy\" decoding=\"async\" class=\"alignnone size-medium wp-image-11598\" src=\"https:\/\/i0.wp.com\/przedszkole8.pl\/wp-content\/uploads\/2023\/02\/IMG-6042-1-300x225.jpg?resize=300%2C225&#038;ssl=1\" alt=\"img-6042-1\" width=\"300\" height=\"225\" \/><\/a> <a href=\"https:\/\/przedszkole8.pl\/?attachment_id=11599\" rel=\"attachment wp-att-11599\"><img data-recalc-dims=\"1\" loading=\"lazy\" decoding=\"async\" class=\"alignnone size-medium wp-image-11599\" src=\"https:\/\/i0.wp.com\/przedszkole8.pl\/wp-content\/uploads\/2023\/02\/IMG-6041-1-300x225.jpg?resize=300%2C225&#038;ssl=1\" alt=\"img-6041-1\" width=\"300\" height=\"225\" \/><\/a> <a href=\"https:\/\/przedszkole8.pl\/?attachment_id=11600\" rel=\"attachment wp-att-11600\"><img data-recalc-dims=\"1\" loading=\"lazy\" decoding=\"async\" class=\"alignnone size-medium wp-image-11600\" src=\"https:\/\/i0.wp.com\/przedszkole8.pl\/wp-content\/uploads\/2023\/02\/IMG-6035-1-300x225.jpg?resize=300%2C225&#038;ssl=1\" alt=\"img-6035-1\" width=\"300\" height=\"225\" \/><\/a> <a href=\"https:\/\/przedszkole8.pl\/?attachment_id=11601\" rel=\"attachment wp-att-11601\"><img data-recalc-dims=\"1\" loading=\"lazy\" decoding=\"async\" class=\"alignnone size-medium wp-image-11601\" src=\"https:\/\/i0.wp.com\/przedszkole8.pl\/wp-content\/uploads\/2023\/02\/IMG-6033-1-300x225.jpg?resize=300%2C225&#038;ssl=1\" alt=\"img-6033-1\" width=\"300\" height=\"225\" \/><img data-recalc-dims=\"1\" loading=\"lazy\" decoding=\"async\" class=\"alignnone size-medium wp-image-11597\" src=\"https:\/\/i0.wp.com\/przedszkole8.pl\/wp-content\/uploads\/2023\/02\/IMG-6047-1-300x225.jpg?resize=300%2C225&#038;ssl=1\" alt=\"img-6047-1\" width=\"300\" height=\"225\" \/><\/a><\/p>\n","protected":false},"excerpt":{"rendered":"<p>9 lutego nasz\u0105 grup\u0119 odwiedzi\u0142 Pan Bartek, kt\u00f3ry pracuje w porcie. Opowiedzia\u0142 nam jak wygl\u0105da jego praca i jak przetransportowa\u0107 zabawki z jednego ko\u0144ca \u015bwiata na drugi.<\/p>\n","protected":false},"author":24,"featured_media":0,"comment_status":"closed","ping_status":"closed","sticky":false,"template":"","format":"standard","meta":{"jetpack_post_was_ever_published":false,"_jetpack_newsletter_access":"","_jetpack_dont_email_post_to_subs":false,"_jetpack_newsletter_tier_id":0,"_jetpack_memberships_contains_paywalled_content":false,"_jetpack_memberships_contains_paid_content":false,"footnotes":"","jetpack_publicize_message":"","jetpack_publicize_feature_enabled":true,"jetpack_social_post_already_shared":true,"jetpack_social_options":{"image_generator_settings":{"template":"highway","default_image_id":0,"font":"","enabled":false},"version":2}},"categories":[38],"tags":[],"class_list":["post-11596","post","type-post","status-publish","format-standard","hentry","category-uszatki-2022-2023"],"jetpack_publicize_connections":[],"jetpack_featured_media_url":"","jetpack_sharing_enabled":true,"jetpack_shortlink":"https:\/\/wp.me\/p7NQjT-312","jetpack-related-posts":[],"_links":{"self":[{"href":"https:\/\/przedszkole8.pl\/index.php?rest_route=\/wp\/v2\/posts\/11596","targetHints":{"allow":["GET"]}}],"collection":[{"href":"https:\/\/przedszkole8.pl\/index.php?rest_route=\/wp\/v2\/posts"}],"about":[{"href":"https:\/\/przedszkole8.pl\/index.php?rest_route=\/wp\/v2\/types\/post"}],"author":[{"embeddable":true,"href":"https:\/\/przedszkole8.pl\/index.php?rest_route=\/wp\/v2\/users\/24"}],"replies":[{"embeddable":true,"href":"https:\/\/przedszkole8.pl\/index.php?rest_route=%2Fwp%2Fv2%2Fcomments&post=11596"}],"version-history":[{"count":1,"href":"https:\/\/przedszkole8.pl\/index.php?rest_route=\/wp\/v2\/posts\/11596\/revisions"}],"predecessor-version":[{"id":11604,"href":"https:\/\/przedszkole8.pl\/index.php?rest_route=\/wp\/v2\/posts\/11596\/revisions\/11604"}],"wp:attachment":[{"href":"https:\/\/przedszkole8.pl\/index.php?rest_route=%2Fwp%2Fv2%2Fmedia&parent=11596"}],"wp:term":[{"taxonomy":"category","embeddable":true,"href":"https:\/\/przedszkole8.pl\/index.php?rest_route=%2Fwp%2Fv2%2Fcategories&post=11596"},{"taxonomy":"post_tag","embeddable":true,"href":"https:\/\/przedszkole8.pl\/index.php?rest_route=%2Fwp%2Fv2%2Ftags&post=11596"}],"curies":[{"name":"wp","href":"https:\/\/api.w.org\/{rel}","templated":true}]}}