{"id":11582,"date":"2023-02-21T08:52:29","date_gmt":"2023-02-21T08:52:29","guid":{"rendered":"http:\/\/przedszkole8.pl\/?p=11582"},"modified":"2023-02-21T08:52:29","modified_gmt":"2023-02-21T08:52:29","slug":"orbitek","status":"publish","type":"post","link":"https:\/\/przedszkole8.pl\/?p=11582","title":{"rendered":"Orbitek"},"content":{"rendered":"<p>31 stycznia nasze przedszkole odwiedzi\u0142o mobilne planetarium &#8222;Orbitek&#8221;. Pan Andrzej bardzo ciekawie opowiada\u0142 o planetach, a p\u00f3\u017aniej weszli\u015bmy do kopu\u0142y, w kt\u00f3rej wy\u015bwietlony by\u0142 seans o kosmosie. D\u0142ugo nie zapomnimy tych zaj\u0119\u0107!<\/p>\n<p><a href=\"https:\/\/przedszkole8.pl\/?attachment_id=11569\" rel=\"attachment wp-att-11569\"><img data-recalc-dims=\"1\" loading=\"lazy\" decoding=\"async\" class=\"alignnone size-medium wp-image-11569\" src=\"https:\/\/i0.wp.com\/przedszkole8.pl\/wp-content\/uploads\/2023\/02\/20230131_114336-203x300.jpg?resize=203%2C300&#038;ssl=1\" alt=\"20230131_114336\" width=\"203\" height=\"300\" \/><\/a> <a href=\"https:\/\/przedszkole8.pl\/?attachment_id=11570\" rel=\"attachment wp-att-11570\"><img data-recalc-dims=\"1\" loading=\"lazy\" decoding=\"async\" class=\"alignnone size-medium wp-image-11570\" src=\"https:\/\/i0.wp.com\/przedszkole8.pl\/wp-content\/uploads\/2023\/02\/20230131_114325-201x300.jpg?resize=201%2C300&#038;ssl=1\" alt=\"20230131_114325\" width=\"201\" height=\"300\" \/><\/a> <a href=\"https:\/\/przedszkole8.pl\/?attachment_id=11559\" rel=\"attachment wp-att-11559\"><img data-recalc-dims=\"1\" loading=\"lazy\" decoding=\"async\" class=\"alignnone size-medium wp-image-11559\" src=\"https:\/\/i0.wp.com\/przedszkole8.pl\/wp-content\/uploads\/2023\/02\/20230131_114525-196x300.jpg?resize=196%2C300&#038;ssl=1\" alt=\"20230131_114525\" width=\"196\" height=\"300\" \/><\/a> <a href=\"https:\/\/przedszkole8.pl\/?attachment_id=11558\" rel=\"attachment wp-att-11558\"><img data-recalc-dims=\"1\" loading=\"lazy\" decoding=\"async\" class=\"alignnone size-medium wp-image-11558\" src=\"https:\/\/i0.wp.com\/przedszkole8.pl\/wp-content\/uploads\/2023\/02\/20230131_114531-199x300.jpg?resize=199%2C300&#038;ssl=1\" alt=\"20230131_114531\" width=\"199\" height=\"300\" \/><\/a> <a href=\"https:\/\/przedszkole8.pl\/?attachment_id=11557\" rel=\"attachment wp-att-11557\"><img data-recalc-dims=\"1\" loading=\"lazy\" decoding=\"async\" class=\"alignnone size-medium wp-image-11557\" src=\"https:\/\/i0.wp.com\/przedszkole8.pl\/wp-content\/uploads\/2023\/02\/20230131_114546-208x300.jpg?resize=208%2C300&#038;ssl=1\" alt=\"20230131_114546\" width=\"208\" height=\"300\" \/><\/a> <a href=\"https:\/\/przedszkole8.pl\/?attachment_id=11556\" rel=\"attachment wp-att-11556\"><img data-recalc-dims=\"1\" loading=\"lazy\" decoding=\"async\" class=\"alignnone size-medium wp-image-11556\" src=\"https:\/\/i0.wp.com\/przedszkole8.pl\/wp-content\/uploads\/2023\/02\/20230131_114513-202x300.jpg?resize=202%2C300&#038;ssl=1\" alt=\"20230131_114513\" width=\"202\" height=\"300\" \/><\/a> <a href=\"https:\/\/przedszkole8.pl\/?attachment_id=11555\" rel=\"attachment wp-att-11555\"><img data-recalc-dims=\"1\" loading=\"lazy\" decoding=\"async\" class=\"alignnone size-medium wp-image-11555\" src=\"https:\/\/i0.wp.com\/przedszkole8.pl\/wp-content\/uploads\/2023\/02\/20230131_114503-203x300.jpg?resize=203%2C300&#038;ssl=1\" alt=\"20230131_114503\" width=\"203\" height=\"300\" \/><\/a> <a href=\"https:\/\/przedszkole8.pl\/?attachment_id=11554\" rel=\"attachment wp-att-11554\"><img data-recalc-dims=\"1\" loading=\"lazy\" decoding=\"async\" class=\"alignnone size-medium wp-image-11554\" src=\"https:\/\/i0.wp.com\/przedszkole8.pl\/wp-content\/uploads\/2023\/02\/20230131_114452-214x300.jpg?resize=214%2C300&#038;ssl=1\" alt=\"20230131_114452\" width=\"214\" height=\"300\" \/><\/a> <a href=\"https:\/\/przedszkole8.pl\/?attachment_id=11553\" rel=\"attachment wp-att-11553\"><img data-recalc-dims=\"1\" loading=\"lazy\" decoding=\"async\" class=\"alignnone size-medium wp-image-11553\" src=\"https:\/\/i0.wp.com\/przedszkole8.pl\/wp-content\/uploads\/2023\/02\/20230131_114443-216x300.jpg?resize=216%2C300&#038;ssl=1\" alt=\"20230131_114443\" width=\"216\" height=\"300\" \/><\/a> <a href=\"https:\/\/przedszkole8.pl\/?attachment_id=11552\" rel=\"attachment wp-att-11552\"><img data-recalc-dims=\"1\" loading=\"lazy\" decoding=\"async\" class=\"alignnone size-medium wp-image-11552\" src=\"https:\/\/i0.wp.com\/przedszkole8.pl\/wp-content\/uploads\/2023\/02\/20230131_114428-210x300.jpg?resize=210%2C300&#038;ssl=1\" alt=\"20230131_114428\" width=\"210\" height=\"300\" \/><\/a> <a href=\"https:\/\/przedszkole8.pl\/?attachment_id=11551\" rel=\"attachment wp-att-11551\"><img data-recalc-dims=\"1\" loading=\"lazy\" decoding=\"async\" class=\"alignnone size-medium wp-image-11551\" src=\"https:\/\/i0.wp.com\/przedszkole8.pl\/wp-content\/uploads\/2023\/02\/20230131_114403-201x300.jpg?resize=201%2C300&#038;ssl=1\" alt=\"20230131_114403\" width=\"201\" height=\"300\" \/><\/a> <a href=\"https:\/\/przedszkole8.pl\/?attachment_id=11550\" rel=\"attachment wp-att-11550\"><img data-recalc-dims=\"1\" loading=\"lazy\" decoding=\"async\" class=\"alignnone size-medium wp-image-11550\" src=\"https:\/\/i0.wp.com\/przedszkole8.pl\/wp-content\/uploads\/2023\/02\/20230131_114410-201x300.jpg?resize=201%2C300&#038;ssl=1\" alt=\"20230131_114410\" width=\"201\" height=\"300\" \/><\/a> <a href=\"https:\/\/przedszkole8.pl\/?attachment_id=11549\" rel=\"attachment wp-att-11549\"><img data-recalc-dims=\"1\" loading=\"lazy\" decoding=\"async\" class=\"alignnone size-medium wp-image-11549\" src=\"https:\/\/i0.wp.com\/przedszkole8.pl\/wp-content\/uploads\/2023\/02\/20230131_114421-201x300.jpg?resize=201%2C300&#038;ssl=1\" alt=\"20230131_114421\" width=\"201\" height=\"300\" \/><\/a> <a href=\"https:\/\/przedszkole8.pl\/?attachment_id=11546\" rel=\"attachment wp-att-11546\"><img data-recalc-dims=\"1\" loading=\"lazy\" decoding=\"async\" class=\"alignnone size-medium wp-image-11546\" src=\"https:\/\/i0.wp.com\/przedszkole8.pl\/wp-content\/uploads\/2023\/02\/20230131_114318-217x300.jpg?resize=217%2C300&#038;ssl=1\" alt=\"20230131_114318\" width=\"217\" height=\"300\" \/><\/a> <a href=\"https:\/\/przedszkole8.pl\/?attachment_id=11545\" rel=\"attachment wp-att-11545\"><img data-recalc-dims=\"1\" loading=\"lazy\" decoding=\"async\" class=\"alignnone size-medium wp-image-11545\" src=\"https:\/\/i0.wp.com\/przedszkole8.pl\/wp-content\/uploads\/2023\/02\/20230131_114301-181x300.jpg?resize=181%2C300&#038;ssl=1\" alt=\"20230131_114301\" width=\"181\" height=\"300\" \/><\/a> <a href=\"https:\/\/przedszkole8.pl\/?attachment_id=11589\" rel=\"attachment wp-att-11589\"><img data-recalc-dims=\"1\" loading=\"lazy\" decoding=\"async\" class=\"alignnone size-medium wp-image-11589\" src=\"https:\/\/i0.wp.com\/przedszkole8.pl\/wp-content\/uploads\/2023\/02\/IMG-5973-300x225.jpg?resize=300%2C225&#038;ssl=1\" alt=\"img-5973\" width=\"300\" height=\"225\" \/><\/a> <a href=\"https:\/\/przedszkole8.pl\/?attachment_id=11588\" rel=\"attachment wp-att-11588\"><img data-recalc-dims=\"1\" loading=\"lazy\" decoding=\"async\" class=\"alignnone size-medium wp-image-11588\" src=\"https:\/\/i0.wp.com\/przedszkole8.pl\/wp-content\/uploads\/2023\/02\/IMG-5967-300x225.jpg?resize=300%2C225&#038;ssl=1\" alt=\"img-5967\" width=\"300\" height=\"225\" \/><\/a> <a href=\"https:\/\/przedszkole8.pl\/?attachment_id=11586\" rel=\"attachment wp-att-11586\"><img data-recalc-dims=\"1\" loading=\"lazy\" decoding=\"async\" class=\"alignnone size-medium wp-image-11586\" src=\"https:\/\/i0.wp.com\/przedszkole8.pl\/wp-content\/uploads\/2023\/02\/IMG-5962-300x225.jpg?resize=300%2C225&#038;ssl=1\" alt=\"img-5962\" width=\"300\" height=\"225\" \/><\/a> <a href=\"https:\/\/przedszkole8.pl\/?attachment_id=11585\" rel=\"attachment wp-att-11585\"><img data-recalc-dims=\"1\" loading=\"lazy\" decoding=\"async\" class=\"alignnone size-medium wp-image-11585\" src=\"https:\/\/i0.wp.com\/przedszkole8.pl\/wp-content\/uploads\/2023\/02\/IMG-5961-300x225.jpg?resize=300%2C225&#038;ssl=1\" alt=\"img-5961\" width=\"300\" height=\"225\" \/><\/a> <a href=\"https:\/\/przedszkole8.pl\/?attachment_id=11584\" rel=\"attachment wp-att-11584\"><img data-recalc-dims=\"1\" loading=\"lazy\" decoding=\"async\" class=\"alignnone size-medium wp-image-11584\" src=\"https:\/\/i0.wp.com\/przedszkole8.pl\/wp-content\/uploads\/2023\/02\/IMG-5959-300x225.jpg?resize=300%2C225&#038;ssl=1\" alt=\"img-5959\" width=\"300\" height=\"225\" \/><\/a> <a href=\"https:\/\/przedszkole8.pl\/?attachment_id=11583\" rel=\"attachment wp-att-11583\"><img data-recalc-dims=\"1\" loading=\"lazy\" decoding=\"async\" class=\"alignnone size-medium wp-image-11583\" src=\"https:\/\/i0.wp.com\/przedszkole8.pl\/wp-content\/uploads\/2023\/02\/IMG-5958-300x225.jpg?resize=300%2C225&#038;ssl=1\" alt=\"img-5958\" width=\"300\" height=\"225\" \/><\/a><\/p>\n","protected":false},"excerpt":{"rendered":"<p>31 stycznia nasze przedszkole odwiedzi\u0142o mobilne planetarium &#8222;Orbitek&#8221;. Pan Andrzej bardzo ciekawie opowiada\u0142 o planetach, a p\u00f3\u017aniej weszli\u015bmy do kopu\u0142y, w kt\u00f3rej wy\u015bwietlony by\u0142 seans o kosmosie. D\u0142ugo nie zapomnimy tych zaj\u0119\u0107!<\/p>\n","protected":false},"author":24,"featured_media":0,"comment_status":"closed","ping_status":"closed","sticky":false,"template":"","format":"standard","meta":{"jetpack_post_was_ever_published":false,"_jetpack_newsletter_access":"","_jetpack_dont_email_post_to_subs":false,"_jetpack_newsletter_tier_id":0,"_jetpack_memberships_contains_paywalled_content":false,"_jetpack_memberships_contains_paid_content":false,"footnotes":"","jetpack_publicize_message":"","jetpack_publicize_feature_enabled":true,"jetpack_social_post_already_shared":true,"jetpack_social_options":{"image_generator_settings":{"template":"highway","default_image_id":0,"font":"","enabled":false},"version":2}},"categories":[38],"tags":[],"class_list":["post-11582","post","type-post","status-publish","format-standard","hentry","category-uszatki-2022-2023"],"jetpack_publicize_connections":[],"jetpack_featured_media_url":"","jetpack_sharing_enabled":true,"jetpack_shortlink":"https:\/\/wp.me\/s7NQjT-orbitek","jetpack-related-posts":[],"_links":{"self":[{"href":"https:\/\/przedszkole8.pl\/index.php?rest_route=\/wp\/v2\/posts\/11582","targetHints":{"allow":["GET"]}}],"collection":[{"href":"https:\/\/przedszkole8.pl\/index.php?rest_route=\/wp\/v2\/posts"}],"about":[{"href":"https:\/\/przedszkole8.pl\/index.php?rest_route=\/wp\/v2\/types\/post"}],"author":[{"embeddable":true,"href":"https:\/\/przedszkole8.pl\/index.php?rest_route=\/wp\/v2\/users\/24"}],"replies":[{"embeddable":true,"href":"https:\/\/przedszkole8.pl\/index.php?rest_route=%2Fwp%2Fv2%2Fcomments&post=11582"}],"version-history":[{"count":1,"href":"https:\/\/przedszkole8.pl\/index.php?rest_route=\/wp\/v2\/posts\/11582\/revisions"}],"predecessor-version":[{"id":11590,"href":"https:\/\/przedszkole8.pl\/index.php?rest_route=\/wp\/v2\/posts\/11582\/revisions\/11590"}],"wp:attachment":[{"href":"https:\/\/przedszkole8.pl\/index.php?rest_route=%2Fwp%2Fv2%2Fmedia&parent=11582"}],"wp:term":[{"taxonomy":"category","embeddable":true,"href":"https:\/\/przedszkole8.pl\/index.php?rest_route=%2Fwp%2Fv2%2Fcategories&post=11582"},{"taxonomy":"post_tag","embeddable":true,"href":"https:\/\/przedszkole8.pl\/index.php?rest_route=%2Fwp%2Fv2%2Ftags&post=11582"}],"curies":[{"name":"wp","href":"https:\/\/api.w.org\/{rel}","templated":true}]}}