{"id":11399,"date":"2023-01-25T16:20:44","date_gmt":"2023-01-25T16:20:44","guid":{"rendered":"http:\/\/przedszkole8.pl\/?p=11399"},"modified":"2023-01-25T16:20:44","modified_gmt":"2023-01-25T16:20:44","slug":"dzien-babci-i-dziadka-5","status":"publish","type":"post","link":"https:\/\/przedszkole8.pl\/?p=11399","title":{"rendered":"Dzie\u0144 Babci i Dziadka"},"content":{"rendered":"<p>24 stycznia mieli\u015bmy okazj\u0119 go\u015bci\u0107 w naszym przedszkolu Babcie i Dziadk\u00f3w naszych Uszatk\u00f3w. Pierwsze \u015bwi\u0119to z publiczno\u015bci\u0105 by\u0142o dla przedszkolak\u00f3w du\u017cym, ale jednocze\u015bnie bardzo mi\u0142ym prze\u017cyciem.<\/p>\n<p>Serdecznie dzi\u0119kujemy naszym Go\u015bciom za przyj\u015bcie i udzia\u0142 we wsp\u00f3lnych zabawach, a Rodzicom za pomoc w przygotowaniu dzieci do wyst\u0119pu oraz przyniesienie pysznych ciast i s\u0142odko\u015bci.<\/p>\n<p>&nbsp;<\/p>\n<p><a href=\"https:\/\/i0.wp.com\/przedszkole8.pl\/wp-content\/uploads\/2023\/01\/1.jpg?ssl=1\"><img data-recalc-dims=\"1\" loading=\"lazy\" decoding=\"async\" class=\"alignnone size-medium wp-image-11390\" src=\"https:\/\/i0.wp.com\/przedszkole8.pl\/wp-content\/uploads\/2023\/01\/1-300x169.jpg?resize=300%2C169&#038;ssl=1\" alt=\"1\" width=\"300\" height=\"169\" \/><\/a><a href=\"https:\/\/i0.wp.com\/przedszkole8.pl\/wp-content\/uploads\/2023\/01\/11.jpg?ssl=1\"><img data-recalc-dims=\"1\" loading=\"lazy\" decoding=\"async\" class=\"alignnone size-medium wp-image-11395\" src=\"https:\/\/i0.wp.com\/przedszkole8.pl\/wp-content\/uploads\/2023\/01\/11-300x176.jpg?resize=300%2C176&#038;ssl=1\" alt=\"11\" width=\"300\" height=\"176\" \/><\/a><\/p>\n<p><a href=\"https:\/\/i0.wp.com\/przedszkole8.pl\/wp-content\/uploads\/2023\/01\/222.jpg?ssl=1\"><img data-recalc-dims=\"1\" loading=\"lazy\" decoding=\"async\" class=\"alignnone size-medium wp-image-11397\" src=\"https:\/\/i0.wp.com\/przedszkole8.pl\/wp-content\/uploads\/2023\/01\/222-300x225.jpg?resize=300%2C225&#038;ssl=1\" alt=\"222\" width=\"300\" height=\"225\" \/><\/a> <a href=\"https:\/\/i0.wp.com\/przedszkole8.pl\/wp-content\/uploads\/2023\/01\/22.jpg?ssl=1\"><img data-recalc-dims=\"1\" loading=\"lazy\" decoding=\"async\" class=\"alignnone size-medium wp-image-11396\" src=\"https:\/\/i0.wp.com\/przedszkole8.pl\/wp-content\/uploads\/2023\/01\/22-300x225.jpg?resize=300%2C225&#038;ssl=1\" alt=\"22\" width=\"300\" height=\"225\" \/><\/a><\/p>\n<p><a href=\"https:\/\/i0.wp.com\/przedszkole8.pl\/wp-content\/uploads\/2023\/01\/2.jpg?ssl=1\"><img data-recalc-dims=\"1\" loading=\"lazy\" decoding=\"async\" class=\"alignnone size-medium wp-image-11391\" src=\"https:\/\/i0.wp.com\/przedszkole8.pl\/wp-content\/uploads\/2023\/01\/2-300x169.jpg?resize=300%2C169&#038;ssl=1\" alt=\"2\" width=\"300\" height=\"169\" \/><\/a> <a href=\"https:\/\/i0.wp.com\/przedszkole8.pl\/wp-content\/uploads\/2023\/01\/3-2.jpg?ssl=1\"><img data-recalc-dims=\"1\" loading=\"lazy\" decoding=\"async\" class=\"alignnone size-medium wp-image-11392\" src=\"https:\/\/i0.wp.com\/przedszkole8.pl\/wp-content\/uploads\/2023\/01\/3-2-300x225.jpg?resize=300%2C225&#038;ssl=1\" alt=\"3-2\" width=\"300\" height=\"225\" \/><\/a><\/p>\n<p><a href=\"https:\/\/i0.wp.com\/przedszkole8.pl\/wp-content\/uploads\/2023\/01\/3.jpg?ssl=1\"><img data-recalc-dims=\"1\" loading=\"lazy\" decoding=\"async\" class=\"alignnone size-medium wp-image-11393\" src=\"https:\/\/i0.wp.com\/przedszkole8.pl\/wp-content\/uploads\/2023\/01\/3-300x169.jpg?resize=300%2C169&#038;ssl=1\" alt=\"3\" width=\"300\" height=\"169\" \/><\/a> <a href=\"https:\/\/i0.wp.com\/przedszkole8.pl\/wp-content\/uploads\/2023\/01\/4.jpg?ssl=1\"><img data-recalc-dims=\"1\" loading=\"lazy\" decoding=\"async\" class=\"alignnone size-medium wp-image-11394\" src=\"https:\/\/i0.wp.com\/przedszkole8.pl\/wp-content\/uploads\/2023\/01\/4-300x225.jpg?resize=300%2C225&#038;ssl=1\" alt=\"4\" width=\"300\" height=\"225\" \/><\/a><\/p>\n<p><a href=\"https:\/\/i0.wp.com\/przedszkole8.pl\/wp-content\/uploads\/2023\/01\/4-2.jpg?ssl=1\"><img data-recalc-dims=\"1\" loading=\"lazy\" decoding=\"async\" class=\"alignnone size-medium wp-image-11398\" src=\"https:\/\/i0.wp.com\/przedszkole8.pl\/wp-content\/uploads\/2023\/01\/4-2-300x225.jpg?resize=300%2C225&#038;ssl=1\" alt=\"4-2\" width=\"300\" height=\"225\" \/><\/a><\/p>\n","protected":false},"excerpt":{"rendered":"<p>24 stycznia mieli\u015bmy okazj\u0119 go\u015bci\u0107 w naszym przedszkolu Babcie i Dziadk\u00f3w naszych Uszatk\u00f3w. Pierwsze \u015bwi\u0119to z publiczno\u015bci\u0105 by\u0142o dla przedszkolak\u00f3w du\u017cym, ale jednocze\u015bnie bardzo mi\u0142ym prze\u017cyciem. Serdecznie dzi\u0119kujemy naszym Go\u015bciom za przyj\u015bcie i udzia\u0142 we wsp\u00f3lnych zabawach, a Rodzicom za pomoc w przygotowaniu dzieci do wyst\u0119pu oraz przyniesienie pysznych ciast i s\u0142odko\u015bci. &nbsp;<\/p>\n","protected":false},"author":24,"featured_media":0,"comment_status":"closed","ping_status":"closed","sticky":false,"template":"","format":"standard","meta":{"jetpack_post_was_ever_published":false,"_jetpack_newsletter_access":"","_jetpack_dont_email_post_to_subs":false,"_jetpack_newsletter_tier_id":0,"_jetpack_memberships_contains_paywalled_content":false,"_jetpack_memberships_contains_paid_content":false,"footnotes":"","jetpack_publicize_message":"","jetpack_publicize_feature_enabled":true,"jetpack_social_post_already_shared":true,"jetpack_social_options":{"image_generator_settings":{"template":"highway","default_image_id":0,"font":"","enabled":false},"version":2}},"categories":[38],"tags":[],"class_list":["post-11399","post","type-post","status-publish","format-standard","hentry","category-uszatki-2022-2023"],"jetpack_publicize_connections":[],"jetpack_featured_media_url":"","jetpack_sharing_enabled":true,"jetpack_shortlink":"https:\/\/wp.me\/p7NQjT-2XR","jetpack-related-posts":[],"_links":{"self":[{"href":"https:\/\/przedszkole8.pl\/index.php?rest_route=\/wp\/v2\/posts\/11399","targetHints":{"allow":["GET"]}}],"collection":[{"href":"https:\/\/przedszkole8.pl\/index.php?rest_route=\/wp\/v2\/posts"}],"about":[{"href":"https:\/\/przedszkole8.pl\/index.php?rest_route=\/wp\/v2\/types\/post"}],"author":[{"embeddable":true,"href":"https:\/\/przedszkole8.pl\/index.php?rest_route=\/wp\/v2\/users\/24"}],"replies":[{"embeddable":true,"href":"https:\/\/przedszkole8.pl\/index.php?rest_route=%2Fwp%2Fv2%2Fcomments&post=11399"}],"version-history":[{"count":1,"href":"https:\/\/przedszkole8.pl\/index.php?rest_route=\/wp\/v2\/posts\/11399\/revisions"}],"predecessor-version":[{"id":11400,"href":"https:\/\/przedszkole8.pl\/index.php?rest_route=\/wp\/v2\/posts\/11399\/revisions\/11400"}],"wp:attachment":[{"href":"https:\/\/przedszkole8.pl\/index.php?rest_route=%2Fwp%2Fv2%2Fmedia&parent=11399"}],"wp:term":[{"taxonomy":"category","embeddable":true,"href":"https:\/\/przedszkole8.pl\/index.php?rest_route=%2Fwp%2Fv2%2Fcategories&post=11399"},{"taxonomy":"post_tag","embeddable":true,"href":"https:\/\/przedszkole8.pl\/index.php?rest_route=%2Fwp%2Fv2%2Ftags&post=11399"}],"curies":[{"name":"wp","href":"https:\/\/api.w.org\/{rel}","templated":true}]}}