{"id":11388,"date":"2023-01-25T16:09:48","date_gmt":"2023-01-25T16:09:48","guid":{"rendered":"http:\/\/przedszkole8.pl\/?p=11388"},"modified":"2023-01-25T16:09:48","modified_gmt":"2023-01-25T16:09:48","slug":"urodziny-mikolaja-julki-i-krystiana","status":"publish","type":"post","link":"https:\/\/przedszkole8.pl\/?p=11388","title":{"rendered":"Urodziny Miko\u0142aja, Julki i Krystiana"},"content":{"rendered":"<p>18 stycznia \u015bwi\u0119towali\u015bmy 4 urodziny Miko\u0142aja, Julki i Krystiana. By\u0142o &#8222;Sto lat&#8221;, sk\u0142adanie \u017cycze\u0144, wsp\u00f3lne zabawy, ta\u0144ce i urodzinowy pocz\u0119stunek. Wszystkim solenizantom \u017cyczymy wszystkiego najlepszego!<\/p>\n<p><a href=\"https:\/\/i0.wp.com\/przedszkole8.pl\/wp-content\/uploads\/2023\/01\/327524504_3460430660909507_6509118324200516239_n.jpg?ssl=1\"><img data-recalc-dims=\"1\" loading=\"lazy\" decoding=\"async\" class=\"alignnone size-medium wp-image-11385\" src=\"https:\/\/i0.wp.com\/przedszkole8.pl\/wp-content\/uploads\/2023\/01\/327524504_3460430660909507_6509118324200516239_n-300x225.jpg?resize=300%2C225&#038;ssl=1\" alt=\"327524504_3460430660909507_6509118324200516239_n\" width=\"300\" height=\"225\" \/><\/a> <a href=\"https:\/\/i0.wp.com\/przedszkole8.pl\/wp-content\/uploads\/2023\/01\/327289428_1365709760926036_7075974747648775908_n.jpg?ssl=1\"><img data-recalc-dims=\"1\" loading=\"lazy\" decoding=\"async\" class=\"alignnone size-medium wp-image-11386\" src=\"https:\/\/i0.wp.com\/przedszkole8.pl\/wp-content\/uploads\/2023\/01\/327289428_1365709760926036_7075974747648775908_n-300x225.jpg?resize=300%2C225&#038;ssl=1\" alt=\"327289428_1365709760926036_7075974747648775908_n\" width=\"300\" height=\"225\" \/><\/a><\/p>\n<p><a href=\"https:\/\/i0.wp.com\/przedszkole8.pl\/wp-content\/uploads\/2023\/01\/327428522_3589950124570269_2784114923365813723_n.jpg?ssl=1\"><img data-recalc-dims=\"1\" loading=\"lazy\" decoding=\"async\" class=\"alignnone size-medium wp-image-11387\" src=\"https:\/\/i0.wp.com\/przedszkole8.pl\/wp-content\/uploads\/2023\/01\/327428522_3589950124570269_2784114923365813723_n-300x225.jpg?resize=300%2C225&#038;ssl=1\" alt=\"327428522_3589950124570269_2784114923365813723_n\" width=\"300\" height=\"225\" \/><\/a> <a href=\"https:\/\/i0.wp.com\/przedszkole8.pl\/wp-content\/uploads\/2023\/01\/325952426_503733058496283_1759446981094211659_n.jpg?ssl=1\"><img data-recalc-dims=\"1\" loading=\"lazy\" decoding=\"async\" class=\"alignnone size-medium wp-image-11384\" src=\"https:\/\/i0.wp.com\/przedszkole8.pl\/wp-content\/uploads\/2023\/01\/325952426_503733058496283_1759446981094211659_n-225x300.jpg?resize=225%2C300&#038;ssl=1\" alt=\"325952426_503733058496283_1759446981094211659_n\" width=\"225\" height=\"300\" \/><\/a><\/p>\n","protected":false},"excerpt":{"rendered":"<p>18 stycznia \u015bwi\u0119towali\u015bmy 4 urodziny Miko\u0142aja, Julki i Krystiana. By\u0142o &#8222;Sto lat&#8221;, sk\u0142adanie \u017cycze\u0144, wsp\u00f3lne zabawy, ta\u0144ce i urodzinowy pocz\u0119stunek. Wszystkim solenizantom \u017cyczymy wszystkiego najlepszego!<\/p>\n","protected":false},"author":24,"featured_media":0,"comment_status":"closed","ping_status":"closed","sticky":false,"template":"","format":"standard","meta":{"jetpack_post_was_ever_published":false,"_jetpack_newsletter_access":"","_jetpack_dont_email_post_to_subs":false,"_jetpack_newsletter_tier_id":0,"_jetpack_memberships_contains_paywalled_content":false,"_jetpack_memberships_contains_paid_content":false,"footnotes":"","jetpack_publicize_message":"","jetpack_publicize_feature_enabled":true,"jetpack_social_post_already_shared":true,"jetpack_social_options":{"image_generator_settings":{"template":"highway","default_image_id":0,"font":"","enabled":false},"version":2}},"categories":[38],"tags":[],"class_list":["post-11388","post","type-post","status-publish","format-standard","hentry","category-uszatki-2022-2023"],"jetpack_publicize_connections":[],"jetpack_featured_media_url":"","jetpack_sharing_enabled":true,"jetpack_shortlink":"https:\/\/wp.me\/p7NQjT-2XG","jetpack-related-posts":[],"_links":{"self":[{"href":"https:\/\/przedszkole8.pl\/index.php?rest_route=\/wp\/v2\/posts\/11388","targetHints":{"allow":["GET"]}}],"collection":[{"href":"https:\/\/przedszkole8.pl\/index.php?rest_route=\/wp\/v2\/posts"}],"about":[{"href":"https:\/\/przedszkole8.pl\/index.php?rest_route=\/wp\/v2\/types\/post"}],"author":[{"embeddable":true,"href":"https:\/\/przedszkole8.pl\/index.php?rest_route=\/wp\/v2\/users\/24"}],"replies":[{"embeddable":true,"href":"https:\/\/przedszkole8.pl\/index.php?rest_route=%2Fwp%2Fv2%2Fcomments&post=11388"}],"version-history":[{"count":1,"href":"https:\/\/przedszkole8.pl\/index.php?rest_route=\/wp\/v2\/posts\/11388\/revisions"}],"predecessor-version":[{"id":11389,"href":"https:\/\/przedszkole8.pl\/index.php?rest_route=\/wp\/v2\/posts\/11388\/revisions\/11389"}],"wp:attachment":[{"href":"https:\/\/przedszkole8.pl\/index.php?rest_route=%2Fwp%2Fv2%2Fmedia&parent=11388"}],"wp:term":[{"taxonomy":"category","embeddable":true,"href":"https:\/\/przedszkole8.pl\/index.php?rest_route=%2Fwp%2Fv2%2Fcategories&post=11388"},{"taxonomy":"post_tag","embeddable":true,"href":"https:\/\/przedszkole8.pl\/index.php?rest_route=%2Fwp%2Fv2%2Ftags&post=11388"}],"curies":[{"name":"wp","href":"https:\/\/api.w.org\/{rel}","templated":true}]}}