{"id":11314,"date":"2022-12-22T04:31:48","date_gmt":"2022-12-22T04:31:48","guid":{"rendered":"http:\/\/przedszkole8.pl\/?p=11314"},"modified":"2022-12-22T04:31:48","modified_gmt":"2022-12-22T04:31:48","slug":"mikolajki-6","status":"publish","type":"post","link":"https:\/\/przedszkole8.pl\/?p=11314","title":{"rendered":"Miko\u0142ajki"},"content":{"rendered":"<p>W tym roku Miko\u0142aj odwiedzi\u0142 nas wcze\u015bniej, bo ju\u017c 2 grudnia. Elficzka nauczy\u0142a nas \u015bwi\u0105tecznego ta\u0144ca, a my zata\u0144czyli\u015bmy go dla Miko\u0142aja. Za\u015bpiewali\u015bmy mu te\u017c piosenk\u0119 o Miko\u0142aju. To by\u0142o mi\u0142e spotkanie. Jak wszystkie grzeczne dzieci dosta\u0142y\u015bmy prezenty. Teraz czekamy na Bo\u017ce Narodzenie i prezenty pod choink\u0105.<\/p>\n<p><a href=\"https:\/\/i0.wp.com\/przedszkole8.pl\/wp-content\/uploads\/2022\/12\/16699888732111.jpg?ssl=1\"><img data-recalc-dims=\"1\" loading=\"lazy\" decoding=\"async\" class=\"alignnone size-medium wp-image-11315\" src=\"https:\/\/i0.wp.com\/przedszkole8.pl\/wp-content\/uploads\/2022\/12\/16699888732111-300x169.jpg?resize=300%2C169&#038;ssl=1\" alt=\"16699888732111\" width=\"300\" height=\"169\" \/><\/a> <a href=\"https:\/\/i0.wp.com\/przedszkole8.pl\/wp-content\/uploads\/2022\/12\/16699890061201.jpg?ssl=1\"><img data-recalc-dims=\"1\" loading=\"lazy\" decoding=\"async\" class=\"alignnone size-medium wp-image-11316\" src=\"https:\/\/i0.wp.com\/przedszkole8.pl\/wp-content\/uploads\/2022\/12\/16699890061201-300x169.jpg?resize=300%2C169&#038;ssl=1\" alt=\"16699890061201\" width=\"300\" height=\"169\" \/><\/a> <a href=\"https:\/\/i0.wp.com\/przedszkole8.pl\/wp-content\/uploads\/2022\/12\/16699887969561.jpg?ssl=1\"><img data-recalc-dims=\"1\" loading=\"lazy\" decoding=\"async\" class=\"alignnone size-medium wp-image-11317\" src=\"https:\/\/i0.wp.com\/przedszkole8.pl\/wp-content\/uploads\/2022\/12\/16699887969561-300x169.jpg?resize=300%2C169&#038;ssl=1\" alt=\"16699887969561\" width=\"300\" height=\"169\" \/><\/a> <a href=\"https:\/\/i0.wp.com\/przedszkole8.pl\/wp-content\/uploads\/2022\/12\/16699889567621.jpg?ssl=1\"><img data-recalc-dims=\"1\" loading=\"lazy\" decoding=\"async\" class=\"alignnone size-medium wp-image-11318\" src=\"https:\/\/i0.wp.com\/przedszkole8.pl\/wp-content\/uploads\/2022\/12\/16699889567621-300x169.jpg?resize=300%2C169&#038;ssl=1\" alt=\"16699889567621\" width=\"300\" height=\"169\" \/><\/a><\/p>\n","protected":false},"excerpt":{"rendered":"<p>W tym roku Miko\u0142aj odwiedzi\u0142 nas wcze\u015bniej, bo ju\u017c 2 grudnia. Elficzka nauczy\u0142a nas \u015bwi\u0105tecznego ta\u0144ca, a my zata\u0144czyli\u015bmy go dla Miko\u0142aja. Za\u015bpiewali\u015bmy mu te\u017c piosenk\u0119 o Miko\u0142aju. To by\u0142o mi\u0142e spotkanie. Jak wszystkie grzeczne dzieci dosta\u0142y\u015bmy prezenty. Teraz czekamy na Bo\u017ce Narodzenie i prezenty pod choink\u0105.<\/p>\n","protected":false},"author":20,"featured_media":0,"comment_status":"closed","ping_status":"closed","sticky":false,"template":"","format":"standard","meta":{"jetpack_post_was_ever_published":false,"_jetpack_newsletter_access":"","_jetpack_dont_email_post_to_subs":false,"_jetpack_newsletter_tier_id":0,"_jetpack_memberships_contains_paywalled_content":false,"_jetpack_memberships_contains_paid_content":false,"footnotes":"","jetpack_publicize_message":"","jetpack_publicize_feature_enabled":true,"jetpack_social_post_already_shared":true,"jetpack_social_options":{"image_generator_settings":{"template":"highway","default_image_id":0,"font":"","enabled":false},"version":2}},"categories":[40],"tags":[],"class_list":["post-11314","post","type-post","status-publish","format-standard","hentry","category-gumisie-2022-2023"],"jetpack_publicize_connections":[],"jetpack_featured_media_url":"","jetpack_sharing_enabled":true,"jetpack_shortlink":"https:\/\/wp.me\/p7NQjT-2Wu","jetpack-related-posts":[],"_links":{"self":[{"href":"https:\/\/przedszkole8.pl\/index.php?rest_route=\/wp\/v2\/posts\/11314","targetHints":{"allow":["GET"]}}],"collection":[{"href":"https:\/\/przedszkole8.pl\/index.php?rest_route=\/wp\/v2\/posts"}],"about":[{"href":"https:\/\/przedszkole8.pl\/index.php?rest_route=\/wp\/v2\/types\/post"}],"author":[{"embeddable":true,"href":"https:\/\/przedszkole8.pl\/index.php?rest_route=\/wp\/v2\/users\/20"}],"replies":[{"embeddable":true,"href":"https:\/\/przedszkole8.pl\/index.php?rest_route=%2Fwp%2Fv2%2Fcomments&post=11314"}],"version-history":[{"count":1,"href":"https:\/\/przedszkole8.pl\/index.php?rest_route=\/wp\/v2\/posts\/11314\/revisions"}],"predecessor-version":[{"id":11319,"href":"https:\/\/przedszkole8.pl\/index.php?rest_route=\/wp\/v2\/posts\/11314\/revisions\/11319"}],"wp:attachment":[{"href":"https:\/\/przedszkole8.pl\/index.php?rest_route=%2Fwp%2Fv2%2Fmedia&parent=11314"}],"wp:term":[{"taxonomy":"category","embeddable":true,"href":"https:\/\/przedszkole8.pl\/index.php?rest_route=%2Fwp%2Fv2%2Fcategories&post=11314"},{"taxonomy":"post_tag","embeddable":true,"href":"https:\/\/przedszkole8.pl\/index.php?rest_route=%2Fwp%2Fv2%2Ftags&post=11314"}],"curies":[{"name":"wp","href":"https:\/\/api.w.org\/{rel}","templated":true}]}}