{"id":11306,"date":"2022-12-21T05:58:28","date_gmt":"2022-12-21T05:58:28","guid":{"rendered":"http:\/\/przedszkole8.pl\/?p=11306"},"modified":"2022-12-21T05:58:28","modified_gmt":"2022-12-21T05:58:28","slug":"swiateczny-tydzien-artystyczny-zajecia-otwarte-z-rodzicami-2","status":"publish","type":"post","link":"https:\/\/przedszkole8.pl\/?p=11306","title":{"rendered":"\u015awi\u0105teczny Tydzie\u0144 Artystyczny &#8211; zaj\u0119cia otwarte z rodzicami"},"content":{"rendered":"<p>We wtorek 13 grudnia &#8222;Misie&#8221; odwiedzili wyj\u0105tkowi go\u015bcie &#8211; Rodzice. Dzieci by\u0142y przeszcz\u0119\u015bliwe. Najpierw dzieci pozna\u0142y sk\u0142adniki do wykonania ciasta, nast\u0119pnie ochoczo zabra\u0142y si\u0119 do pacy. Wsp\u00f3lnie z rodzicami wykrawa\u0142y i ozdabiali \u015bwi\u0105teczne pierniczki na kiermasz. Troszk\u0119 te\u017c posmakowali\u015bmy tych pyszno\u015bci ;). Dzi\u0119kujemy za mi\u0142o sp\u0119dzony czas.<\/p>\n<p><a href=\"https:\/\/i0.wp.com\/przedszkole8.pl\/wp-content\/uploads\/2022\/12\/92B8AEED-C72E-4DB9-89D5-97BFD18F131F.jpeg?ssl=1\"><img data-recalc-dims=\"1\" loading=\"lazy\" decoding=\"async\" class=\"alignnone size-medium wp-image-11307\" src=\"https:\/\/i0.wp.com\/przedszkole8.pl\/wp-content\/uploads\/2022\/12\/92B8AEED-C72E-4DB9-89D5-97BFD18F131F-300x226.jpeg?resize=300%2C226&#038;ssl=1\" alt=\"92b8aeed-c72e-4db9-89d5-97bfd18f131f\" width=\"300\" height=\"226\" \/><\/a> <a href=\"https:\/\/i0.wp.com\/przedszkole8.pl\/wp-content\/uploads\/2022\/12\/AC2AC080-3961-4952-9FF8-6C6A1A3507AC.jpeg?ssl=1\"><img data-recalc-dims=\"1\" loading=\"lazy\" decoding=\"async\" class=\"alignnone size-medium wp-image-11308\" src=\"https:\/\/i0.wp.com\/przedszkole8.pl\/wp-content\/uploads\/2022\/12\/AC2AC080-3961-4952-9FF8-6C6A1A3507AC-226x300.jpeg?resize=226%2C300&#038;ssl=1\" alt=\"ac2ac080-3961-4952-9ff8-6c6a1a3507ac\" width=\"226\" height=\"300\" \/><\/a> <a href=\"https:\/\/i0.wp.com\/przedszkole8.pl\/wp-content\/uploads\/2022\/12\/83829595-48E9-41AF-AFD0-B53F7663B7AA.jpeg?ssl=1\"><img data-recalc-dims=\"1\" loading=\"lazy\" decoding=\"async\" class=\"alignnone size-medium wp-image-11309\" src=\"https:\/\/i0.wp.com\/przedszkole8.pl\/wp-content\/uploads\/2022\/12\/83829595-48E9-41AF-AFD0-B53F7663B7AA-226x300.jpeg?resize=226%2C300&#038;ssl=1\" alt=\"83829595-48e9-41af-afd0-b53f7663b7aa\" width=\"226\" height=\"300\" \/><\/a> <a href=\"https:\/\/i0.wp.com\/przedszkole8.pl\/wp-content\/uploads\/2022\/12\/DEF79AB7-7B55-4B6D-A138-2BB0B2EE3DFC.jpeg?ssl=1\"><img data-recalc-dims=\"1\" loading=\"lazy\" decoding=\"async\" class=\"alignnone size-medium wp-image-11311\" src=\"https:\/\/i0.wp.com\/przedszkole8.pl\/wp-content\/uploads\/2022\/12\/DEF79AB7-7B55-4B6D-A138-2BB0B2EE3DFC-226x300.jpeg?resize=226%2C300&#038;ssl=1\" alt=\"def79ab7-7b55-4b6d-a138-2bb0b2ee3dfc\" width=\"226\" height=\"300\" \/><\/a> <a href=\"https:\/\/i0.wp.com\/przedszkole8.pl\/wp-content\/uploads\/2022\/12\/F42394CB-EEE4-4C21-B993-5053E3466E90.jpeg?ssl=1\"><img data-recalc-dims=\"1\" loading=\"lazy\" decoding=\"async\" class=\"alignnone size-medium wp-image-11310\" src=\"https:\/\/i0.wp.com\/przedszkole8.pl\/wp-content\/uploads\/2022\/12\/F42394CB-EEE4-4C21-B993-5053E3466E90-226x300.jpeg?resize=226%2C300&#038;ssl=1\" alt=\"f42394cb-eee4-4c21-b993-5053e3466e90\" width=\"226\" height=\"300\" \/><\/a><\/p>\n","protected":false},"excerpt":{"rendered":"<p>We wtorek 13 grudnia &#8222;Misie&#8221; odwiedzili wyj\u0105tkowi go\u015bcie &#8211; Rodzice. Dzieci by\u0142y przeszcz\u0119\u015bliwe. Najpierw dzieci pozna\u0142y sk\u0142adniki do wykonania ciasta, nast\u0119pnie ochoczo zabra\u0142y si\u0119 do pacy. Wsp\u00f3lnie z rodzicami wykrawa\u0142y i ozdabiali \u015bwi\u0105teczne pierniczki na kiermasz. Troszk\u0119 te\u017c posmakowali\u015bmy tych pyszno\u015bci ;). Dzi\u0119kujemy za mi\u0142o sp\u0119dzony czas.<\/p>\n","protected":false},"author":25,"featured_media":0,"comment_status":"closed","ping_status":"closed","sticky":false,"template":"","format":"standard","meta":{"jetpack_post_was_ever_published":false,"_jetpack_newsletter_access":"","_jetpack_dont_email_post_to_subs":false,"_jetpack_newsletter_tier_id":0,"_jetpack_memberships_contains_paywalled_content":false,"_jetpack_memberships_contains_paid_content":false,"footnotes":"","jetpack_publicize_message":"","jetpack_publicize_feature_enabled":true,"jetpack_social_post_already_shared":true,"jetpack_social_options":{"image_generator_settings":{"template":"highway","default_image_id":0,"font":"","enabled":false},"version":2}},"categories":[39],"tags":[],"class_list":["post-11306","post","type-post","status-publish","format-standard","hentry","category-misie-2022-2023"],"jetpack_publicize_connections":[],"jetpack_featured_media_url":"","jetpack_sharing_enabled":true,"jetpack_shortlink":"https:\/\/wp.me\/p7NQjT-2Wm","jetpack-related-posts":[],"_links":{"self":[{"href":"https:\/\/przedszkole8.pl\/index.php?rest_route=\/wp\/v2\/posts\/11306","targetHints":{"allow":["GET"]}}],"collection":[{"href":"https:\/\/przedszkole8.pl\/index.php?rest_route=\/wp\/v2\/posts"}],"about":[{"href":"https:\/\/przedszkole8.pl\/index.php?rest_route=\/wp\/v2\/types\/post"}],"author":[{"embeddable":true,"href":"https:\/\/przedszkole8.pl\/index.php?rest_route=\/wp\/v2\/users\/25"}],"replies":[{"embeddable":true,"href":"https:\/\/przedszkole8.pl\/index.php?rest_route=%2Fwp%2Fv2%2Fcomments&post=11306"}],"version-history":[{"count":1,"href":"https:\/\/przedszkole8.pl\/index.php?rest_route=\/wp\/v2\/posts\/11306\/revisions"}],"predecessor-version":[{"id":11312,"href":"https:\/\/przedszkole8.pl\/index.php?rest_route=\/wp\/v2\/posts\/11306\/revisions\/11312"}],"wp:attachment":[{"href":"https:\/\/przedszkole8.pl\/index.php?rest_route=%2Fwp%2Fv2%2Fmedia&parent=11306"}],"wp:term":[{"taxonomy":"category","embeddable":true,"href":"https:\/\/przedszkole8.pl\/index.php?rest_route=%2Fwp%2Fv2%2Fcategories&post=11306"},{"taxonomy":"post_tag","embeddable":true,"href":"https:\/\/przedszkole8.pl\/index.php?rest_route=%2Fwp%2Fv2%2Ftags&post=11306"}],"curies":[{"name":"wp","href":"https:\/\/api.w.org\/{rel}","templated":true}]}}