{"id":11290,"date":"2022-12-21T05:44:49","date_gmt":"2022-12-21T05:44:49","guid":{"rendered":"http:\/\/przedszkole8.pl\/?p=11290"},"modified":"2022-12-21T05:44:49","modified_gmt":"2022-12-21T05:44:49","slug":"swiateczny-tydzien-artystyczny-dzien-swiatecznej-kartki-2","status":"publish","type":"post","link":"https:\/\/przedszkole8.pl\/?p=11290","title":{"rendered":"\u015awi\u0105teczny Tydzie\u0144 Artystyczny &#8211; dzie\u0144 \u015bwi\u0105tecznej kartki"},"content":{"rendered":"<p>W dniu 12 grudnia rozpocz\u0119li\u015bmy \u015awi\u0105teczny Tydzie\u0144 Artystyczny, naszym pierwszym zadaniem by\u0142o zaprojektowanie oraz wys\u0142anie \u015bwi\u0105tecznej kartki. Przygotowane przez dzieci kartki dla rodzic\u00f3w i Domu Samopomocy Spo\u0142ecznej w trakcie spaceru wrzucili\u015bmy do skrzynki pocztowej.<\/p>\n<p>&nbsp;<\/p>\n<p><a href=\"https:\/\/i0.wp.com\/przedszkole8.pl\/wp-content\/uploads\/2022\/12\/44E34FA9-AA42-4079-8EDF-488E779FFBC8.jpeg?ssl=1\"><img data-recalc-dims=\"1\" loading=\"lazy\" decoding=\"async\" class=\"alignnone size-medium wp-image-11291\" src=\"https:\/\/i0.wp.com\/przedszkole8.pl\/wp-content\/uploads\/2022\/12\/44E34FA9-AA42-4079-8EDF-488E779FFBC8-300x226.jpeg?resize=300%2C226&#038;ssl=1\" alt=\"44e34fa9-aa42-4079-8edf-488e779ffbc8\" width=\"300\" height=\"226\" \/><\/a> <a href=\"https:\/\/i0.wp.com\/przedszkole8.pl\/wp-content\/uploads\/2022\/12\/A90D1F22-F672-4F71-B32E-16F45BFF47E7.jpeg?ssl=1\"><img data-recalc-dims=\"1\" loading=\"lazy\" decoding=\"async\" class=\"alignnone size-medium wp-image-11292\" src=\"https:\/\/i0.wp.com\/przedszkole8.pl\/wp-content\/uploads\/2022\/12\/A90D1F22-F672-4F71-B32E-16F45BFF47E7-226x300.jpeg?resize=226%2C300&#038;ssl=1\" alt=\"a90d1f22-f672-4f71-b32e-16f45bff47e7\" width=\"226\" height=\"300\" \/><\/a> <a href=\"https:\/\/i0.wp.com\/przedszkole8.pl\/wp-content\/uploads\/2022\/12\/7E9A05D5-D320-4977-955E-F71D25711AE3.jpeg?ssl=1\"><img data-recalc-dims=\"1\" loading=\"lazy\" decoding=\"async\" class=\"alignnone size-medium wp-image-11293\" src=\"https:\/\/i0.wp.com\/przedszkole8.pl\/wp-content\/uploads\/2022\/12\/7E9A05D5-D320-4977-955E-F71D25711AE3-226x300.jpeg?resize=226%2C300&#038;ssl=1\" alt=\"7e9a05d5-d320-4977-955e-f71d25711ae3\" width=\"226\" height=\"300\" \/><\/a> <a href=\"https:\/\/i0.wp.com\/przedszkole8.pl\/wp-content\/uploads\/2022\/12\/A8281C75-031F-4E2F-B8A8-E336A30E9C44.jpeg?ssl=1\"><img data-recalc-dims=\"1\" loading=\"lazy\" decoding=\"async\" class=\"alignnone size-medium wp-image-11295\" src=\"https:\/\/i0.wp.com\/przedszkole8.pl\/wp-content\/uploads\/2022\/12\/A8281C75-031F-4E2F-B8A8-E336A30E9C44-226x300.jpeg?resize=226%2C300&#038;ssl=1\" alt=\"a8281c75-031f-4e2f-b8a8-e336a30e9c44\" width=\"226\" height=\"300\" \/><\/a> <a href=\"https:\/\/i0.wp.com\/przedszkole8.pl\/wp-content\/uploads\/2022\/12\/051CB815-D1FE-4925-8A36-EE0000086627.jpeg?ssl=1\"><img data-recalc-dims=\"1\" loading=\"lazy\" decoding=\"async\" class=\"alignnone size-medium wp-image-11294\" src=\"https:\/\/i0.wp.com\/przedszkole8.pl\/wp-content\/uploads\/2022\/12\/051CB815-D1FE-4925-8A36-EE0000086627-226x300.jpeg?resize=226%2C300&#038;ssl=1\" alt=\"051cb815-d1fe-4925-8a36-ee0000086627\" width=\"226\" height=\"300\" \/><\/a> <a href=\"https:\/\/i0.wp.com\/przedszkole8.pl\/wp-content\/uploads\/2022\/12\/EF630E38-30F0-42D3-84D0-43D4E95DBB71.jpeg?ssl=1\"><img data-recalc-dims=\"1\" loading=\"lazy\" decoding=\"async\" class=\"alignnone size-medium wp-image-11296\" src=\"https:\/\/i0.wp.com\/przedszkole8.pl\/wp-content\/uploads\/2022\/12\/EF630E38-30F0-42D3-84D0-43D4E95DBB71-226x300.jpeg?resize=226%2C300&#038;ssl=1\" alt=\"ef630e38-30f0-42d3-84d0-43d4e95dbb71\" width=\"226\" height=\"300\" \/><\/a> <a href=\"https:\/\/i0.wp.com\/przedszkole8.pl\/wp-content\/uploads\/2022\/12\/50E796DF-B7FB-4855-A265-7675F1DC8835.jpeg?ssl=1\"><img data-recalc-dims=\"1\" loading=\"lazy\" decoding=\"async\" class=\"alignnone size-medium wp-image-11297\" src=\"https:\/\/i0.wp.com\/przedszkole8.pl\/wp-content\/uploads\/2022\/12\/50E796DF-B7FB-4855-A265-7675F1DC8835-226x300.jpeg?resize=226%2C300&#038;ssl=1\" alt=\"50e796df-b7fb-4855-a265-7675f1dc8835\" width=\"226\" height=\"300\" \/><\/a> <a href=\"https:\/\/i0.wp.com\/przedszkole8.pl\/wp-content\/uploads\/2022\/12\/68C75D21-6F92-4856-98CC-9694B4DD903C.jpeg?ssl=1\"><img data-recalc-dims=\"1\" loading=\"lazy\" decoding=\"async\" class=\"alignnone size-medium wp-image-11299\" src=\"https:\/\/i0.wp.com\/przedszkole8.pl\/wp-content\/uploads\/2022\/12\/68C75D21-6F92-4856-98CC-9694B4DD903C-226x300.jpeg?resize=226%2C300&#038;ssl=1\" alt=\"68c75d21-6f92-4856-98cc-9694b4dd903c\" width=\"226\" height=\"300\" \/><\/a> <a href=\"https:\/\/i0.wp.com\/przedszkole8.pl\/wp-content\/uploads\/2022\/12\/2F37D8BC-45EC-49B9-9DB8-3CDA44FA9110.jpeg?ssl=1\"><img data-recalc-dims=\"1\" loading=\"lazy\" decoding=\"async\" class=\"alignnone size-medium wp-image-11298\" src=\"https:\/\/i0.wp.com\/przedszkole8.pl\/wp-content\/uploads\/2022\/12\/2F37D8BC-45EC-49B9-9DB8-3CDA44FA9110-226x300.jpeg?resize=226%2C300&#038;ssl=1\" alt=\"2f37d8bc-45ec-49b9-9db8-3cda44fa9110\" width=\"226\" height=\"300\" \/><\/a> <a href=\"https:\/\/i0.wp.com\/przedszkole8.pl\/wp-content\/uploads\/2022\/12\/B59938F0-8D73-4192-BDE7-B6DE565CA91C.jpeg?ssl=1\"><img data-recalc-dims=\"1\" loading=\"lazy\" decoding=\"async\" class=\"alignnone size-medium wp-image-11300\" src=\"https:\/\/i0.wp.com\/przedszkole8.pl\/wp-content\/uploads\/2022\/12\/B59938F0-8D73-4192-BDE7-B6DE565CA91C-226x300.jpeg?resize=226%2C300&#038;ssl=1\" alt=\"b59938f0-8d73-4192-bde7-b6de565ca91c\" width=\"226\" height=\"300\" \/><\/a> <a href=\"https:\/\/i0.wp.com\/przedszkole8.pl\/wp-content\/uploads\/2022\/12\/DA0F60CA-055D-4B1B-9094-E72B503AA048.jpeg?ssl=1\"><img data-recalc-dims=\"1\" loading=\"lazy\" decoding=\"async\" class=\"alignnone size-medium wp-image-11302\" src=\"https:\/\/i0.wp.com\/przedszkole8.pl\/wp-content\/uploads\/2022\/12\/DA0F60CA-055D-4B1B-9094-E72B503AA048-226x300.jpeg?resize=226%2C300&#038;ssl=1\" alt=\"da0f60ca-055d-4b1b-9094-e72b503aa048\" width=\"226\" height=\"300\" \/><\/a> <a href=\"https:\/\/i0.wp.com\/przedszkole8.pl\/wp-content\/uploads\/2022\/12\/1BF35DA2-C514-4CB6-B06C-D234E20A0469.jpeg?ssl=1\"><img data-recalc-dims=\"1\" loading=\"lazy\" decoding=\"async\" class=\"alignnone size-medium wp-image-11301\" src=\"https:\/\/i0.wp.com\/przedszkole8.pl\/wp-content\/uploads\/2022\/12\/1BF35DA2-C514-4CB6-B06C-D234E20A0469-226x300.jpeg?resize=226%2C300&#038;ssl=1\" alt=\"1bf35da2-c514-4cb6-b06c-d234e20a0469\" width=\"226\" height=\"300\" \/><\/a> <a href=\"https:\/\/i0.wp.com\/przedszkole8.pl\/wp-content\/uploads\/2022\/12\/DFB3C35E-05D5-4524-B5E5-0781D3D3D704.jpeg?ssl=1\"><img data-recalc-dims=\"1\" loading=\"lazy\" decoding=\"async\" class=\"alignnone size-medium wp-image-11303\" src=\"https:\/\/i0.wp.com\/przedszkole8.pl\/wp-content\/uploads\/2022\/12\/DFB3C35E-05D5-4524-B5E5-0781D3D3D704-226x300.jpeg?resize=226%2C300&#038;ssl=1\" alt=\"dfb3c35e-05d5-4524-b5e5-0781d3d3d704\" width=\"226\" height=\"300\" \/><\/a> <a href=\"https:\/\/i0.wp.com\/przedszkole8.pl\/wp-content\/uploads\/2022\/12\/D1712082-7EA2-4230-BBAD-51070B6FB170.jpeg?ssl=1\"><img data-recalc-dims=\"1\" loading=\"lazy\" decoding=\"async\" class=\"alignnone size-medium wp-image-11304\" src=\"https:\/\/i0.wp.com\/przedszkole8.pl\/wp-content\/uploads\/2022\/12\/D1712082-7EA2-4230-BBAD-51070B6FB170-226x300.jpeg?resize=226%2C300&#038;ssl=1\" alt=\"d1712082-7ea2-4230-bbad-51070b6fb170\" width=\"226\" height=\"300\" \/><\/a><\/p>\n","protected":false},"excerpt":{"rendered":"<p>W dniu 12 grudnia rozpocz\u0119li\u015bmy \u015awi\u0105teczny Tydzie\u0144 Artystyczny, naszym pierwszym zadaniem by\u0142o zaprojektowanie oraz wys\u0142anie \u015bwi\u0105tecznej kartki. Przygotowane przez dzieci kartki dla rodzic\u00f3w i Domu Samopomocy Spo\u0142ecznej w trakcie spaceru wrzucili\u015bmy do skrzynki pocztowej. &nbsp;<\/p>\n","protected":false},"author":25,"featured_media":0,"comment_status":"closed","ping_status":"closed","sticky":false,"template":"","format":"standard","meta":{"jetpack_post_was_ever_published":false,"_jetpack_newsletter_access":"","_jetpack_dont_email_post_to_subs":false,"_jetpack_newsletter_tier_id":0,"_jetpack_memberships_contains_paywalled_content":false,"_jetpack_memberships_contains_paid_content":false,"footnotes":"","jetpack_publicize_message":"","jetpack_publicize_feature_enabled":true,"jetpack_social_post_already_shared":true,"jetpack_social_options":{"image_generator_settings":{"template":"highway","default_image_id":0,"font":"","enabled":false},"version":2}},"categories":[39],"tags":[],"class_list":["post-11290","post","type-post","status-publish","format-standard","hentry","category-misie-2022-2023"],"jetpack_publicize_connections":[],"jetpack_featured_media_url":"","jetpack_sharing_enabled":true,"jetpack_shortlink":"https:\/\/wp.me\/p7NQjT-2W6","jetpack-related-posts":[],"_links":{"self":[{"href":"https:\/\/przedszkole8.pl\/index.php?rest_route=\/wp\/v2\/posts\/11290","targetHints":{"allow":["GET"]}}],"collection":[{"href":"https:\/\/przedszkole8.pl\/index.php?rest_route=\/wp\/v2\/posts"}],"about":[{"href":"https:\/\/przedszkole8.pl\/index.php?rest_route=\/wp\/v2\/types\/post"}],"author":[{"embeddable":true,"href":"https:\/\/przedszkole8.pl\/index.php?rest_route=\/wp\/v2\/users\/25"}],"replies":[{"embeddable":true,"href":"https:\/\/przedszkole8.pl\/index.php?rest_route=%2Fwp%2Fv2%2Fcomments&post=11290"}],"version-history":[{"count":1,"href":"https:\/\/przedszkole8.pl\/index.php?rest_route=\/wp\/v2\/posts\/11290\/revisions"}],"predecessor-version":[{"id":11305,"href":"https:\/\/przedszkole8.pl\/index.php?rest_route=\/wp\/v2\/posts\/11290\/revisions\/11305"}],"wp:attachment":[{"href":"https:\/\/przedszkole8.pl\/index.php?rest_route=%2Fwp%2Fv2%2Fmedia&parent=11290"}],"wp:term":[{"taxonomy":"category","embeddable":true,"href":"https:\/\/przedszkole8.pl\/index.php?rest_route=%2Fwp%2Fv2%2Fcategories&post=11290"},{"taxonomy":"post_tag","embeddable":true,"href":"https:\/\/przedszkole8.pl\/index.php?rest_route=%2Fwp%2Fv2%2Ftags&post=11290"}],"curies":[{"name":"wp","href":"https:\/\/api.w.org\/{rel}","templated":true}]}}