{"id":11260,"date":"2022-12-21T05:18:10","date_gmt":"2022-12-21T05:18:10","guid":{"rendered":"http:\/\/przedszkole8.pl\/?p=11260"},"modified":"2022-12-21T07:32:32","modified_gmt":"2022-12-21T07:32:32","slug":"dzien-pluszowego-misia-4","status":"publish","type":"post","link":"https:\/\/przedszkole8.pl\/?p=11260","title":{"rendered":"Dzie\u0144 Pluszowego Misia"},"content":{"rendered":"<p>W dniu 25 listopada przedszkolaki z naszego przedszkola uczestniczy\u0142y w obchodach \u015awiatowego Dnia Pluszowego Misia. Ka\u017cde dziecko przysz\u0142o do przedszkola ze swoim &#8222;milutkim przyjacielem&#8221;. W tym weso\u0142ym dniu przedszkolaki czeka\u0142o wiele atrakcji, wsp\u00f3lnie stworzyli\u015bmy naszego grupowego misia &#8222;Uszatka&#8221;. Oby\u0142 si\u0119 konkurs recytatorski, kt\u00f3rym g\u0142\u00f3wnym bohaterem by\u0142 Mi\u015b, a\u00a0\u00a0popo\u0142udniu razem z gr. IV obejrzeli\u015bmy\u00a0 bajk\u0119 <em>&#8222;Kubu\u015b i przyjaciele&#8221;.<\/em>\u00a0<a href=\"https:\/\/i0.wp.com\/przedszkole8.pl\/wp-content\/uploads\/2022\/12\/59B344BC-7EB8-446A-B8F9-4A0C0608CD6C.jpeg?ssl=1\"><img data-recalc-dims=\"1\" loading=\"lazy\" decoding=\"async\" class=\"alignnone size-medium wp-image-11261\" src=\"https:\/\/i0.wp.com\/przedszkole8.pl\/wp-content\/uploads\/2022\/12\/59B344BC-7EB8-446A-B8F9-4A0C0608CD6C-300x225.jpeg?resize=300%2C225&#038;ssl=1\" alt=\"59b344bc-7eb8-446a-b8f9-4a0c0608cd6c\" width=\"300\" height=\"225\" \/><\/a> <a href=\"https:\/\/i0.wp.com\/przedszkole8.pl\/wp-content\/uploads\/2022\/12\/35B2991E-6D70-4875-89F5-12688CE53487.jpeg?ssl=1\"><img data-recalc-dims=\"1\" loading=\"lazy\" decoding=\"async\" class=\"alignnone size-medium wp-image-11262\" src=\"https:\/\/i0.wp.com\/przedszkole8.pl\/wp-content\/uploads\/2022\/12\/35B2991E-6D70-4875-89F5-12688CE53487-300x225.jpeg?resize=300%2C225&#038;ssl=1\" alt=\"35b2991e-6d70-4875-89f5-12688ce53487\" width=\"300\" height=\"225\" \/><\/a> <a href=\"https:\/\/i0.wp.com\/przedszkole8.pl\/wp-content\/uploads\/2022\/12\/60678F91-8503-413B-9046-25FD78E45F30.jpeg?ssl=1\"><img data-recalc-dims=\"1\" loading=\"lazy\" decoding=\"async\" class=\"alignnone size-medium wp-image-11263\" src=\"https:\/\/i0.wp.com\/przedszkole8.pl\/wp-content\/uploads\/2022\/12\/60678F91-8503-413B-9046-25FD78E45F30-300x225.jpeg?resize=300%2C225&#038;ssl=1\" alt=\"60678f91-8503-413b-9046-25fd78e45f30\" width=\"300\" height=\"225\" \/><\/a> <a href=\"https:\/\/i0.wp.com\/przedszkole8.pl\/wp-content\/uploads\/2022\/12\/6299C350-7D81-4898-83F2-71EA054A352D.jpeg?ssl=1\"><img data-recalc-dims=\"1\" loading=\"lazy\" decoding=\"async\" class=\"alignnone size-medium wp-image-11264\" src=\"https:\/\/i0.wp.com\/przedszkole8.pl\/wp-content\/uploads\/2022\/12\/6299C350-7D81-4898-83F2-71EA054A352D-300x225.jpeg?resize=300%2C225&#038;ssl=1\" alt=\"6299c350-7d81-4898-83f2-71ea054a352d\" width=\"300\" height=\"225\" \/><\/a> <a href=\"https:\/\/i0.wp.com\/przedszkole8.pl\/wp-content\/uploads\/2022\/12\/744FA6A3-2124-4DB1-B23A-2FD91364AF20.jpeg?ssl=1\"><img data-recalc-dims=\"1\" loading=\"lazy\" decoding=\"async\" class=\"alignnone size-medium wp-image-11265\" src=\"https:\/\/i0.wp.com\/przedszkole8.pl\/wp-content\/uploads\/2022\/12\/744FA6A3-2124-4DB1-B23A-2FD91364AF20-300x225.jpeg?resize=300%2C225&#038;ssl=1\" alt=\"744fa6a3-2124-4db1-b23a-2fd91364af20\" width=\"300\" height=\"225\" \/><\/a> <a href=\"https:\/\/i0.wp.com\/przedszkole8.pl\/wp-content\/uploads\/2022\/12\/B014883C-1F7B-48EE-9A36-B834365BACD5.jpeg?ssl=1\"><img data-recalc-dims=\"1\" loading=\"lazy\" decoding=\"async\" class=\"alignnone size-medium wp-image-11266\" src=\"https:\/\/i0.wp.com\/przedszkole8.pl\/wp-content\/uploads\/2022\/12\/B014883C-1F7B-48EE-9A36-B834365BACD5-300x225.jpeg?resize=300%2C225&#038;ssl=1\" alt=\"b014883c-1f7b-48ee-9a36-b834365bacd5\" width=\"300\" height=\"225\" \/><\/a> <a href=\"https:\/\/i0.wp.com\/przedszkole8.pl\/wp-content\/uploads\/2022\/12\/9F994EB0-DC54-472A-A7D8-8F3289D7618A.jpeg?ssl=1\"><img data-recalc-dims=\"1\" loading=\"lazy\" decoding=\"async\" class=\"alignnone size-medium wp-image-11267\" src=\"https:\/\/i0.wp.com\/przedszkole8.pl\/wp-content\/uploads\/2022\/12\/9F994EB0-DC54-472A-A7D8-8F3289D7618A-300x225.jpeg?resize=300%2C225&#038;ssl=1\" alt=\"9f994eb0-dc54-472a-a7d8-8f3289d7618a\" width=\"300\" height=\"225\" \/><\/a> <a href=\"https:\/\/i0.wp.com\/przedszkole8.pl\/wp-content\/uploads\/2022\/12\/4C55DDF1-E81C-4DAC-B198-8766801FB73E.jpeg?ssl=1\"><img data-recalc-dims=\"1\" loading=\"lazy\" decoding=\"async\" class=\"alignnone size-medium wp-image-11268\" src=\"https:\/\/i0.wp.com\/przedszkole8.pl\/wp-content\/uploads\/2022\/12\/4C55DDF1-E81C-4DAC-B198-8766801FB73E-300x225.jpeg?resize=300%2C225&#038;ssl=1\" alt=\"4c55ddf1-e81c-4dac-b198-8766801fb73e\" width=\"300\" height=\"225\" \/><\/a> <a href=\"https:\/\/i0.wp.com\/przedszkole8.pl\/wp-content\/uploads\/2022\/12\/1FF2C45B-F047-472D-9706-D68D6962D3AE.jpeg?ssl=1\"><img data-recalc-dims=\"1\" loading=\"lazy\" decoding=\"async\" class=\"alignnone size-medium wp-image-11269\" src=\"https:\/\/i0.wp.com\/przedszkole8.pl\/wp-content\/uploads\/2022\/12\/1FF2C45B-F047-472D-9706-D68D6962D3AE-300x225.jpeg?resize=300%2C225&#038;ssl=1\" alt=\"1ff2c45b-f047-472d-9706-d68d6962d3ae\" width=\"300\" height=\"225\" \/><\/a> <a href=\"https:\/\/i0.wp.com\/przedszkole8.pl\/wp-content\/uploads\/2022\/12\/77BAB1F8-CFCF-4907-A3C5-417812ABEC48.jpeg?ssl=1\"><img data-recalc-dims=\"1\" loading=\"lazy\" decoding=\"async\" class=\"alignnone size-medium wp-image-11270\" src=\"https:\/\/i0.wp.com\/przedszkole8.pl\/wp-content\/uploads\/2022\/12\/77BAB1F8-CFCF-4907-A3C5-417812ABEC48-300x225.jpeg?resize=300%2C225&#038;ssl=1\" alt=\"77bab1f8-cfcf-4907-a3c5-417812abec48\" width=\"300\" height=\"225\" \/><\/a> <a href=\"https:\/\/i0.wp.com\/przedszkole8.pl\/wp-content\/uploads\/2022\/12\/B46BD07F-6891-4132-8584-FEC2DC6D48AC.jpeg?ssl=1\"><img data-recalc-dims=\"1\" loading=\"lazy\" decoding=\"async\" class=\"alignnone size-medium wp-image-11271\" src=\"https:\/\/i0.wp.com\/przedszkole8.pl\/wp-content\/uploads\/2022\/12\/B46BD07F-6891-4132-8584-FEC2DC6D48AC-300x225.jpeg?resize=300%2C225&#038;ssl=1\" alt=\"b46bd07f-6891-4132-8584-fec2dc6d48ac\" width=\"300\" height=\"225\" \/><\/a> <a href=\"https:\/\/i0.wp.com\/przedszkole8.pl\/wp-content\/uploads\/2022\/12\/56BAA6B1-00B8-4B44-A85C-30B50F399865.jpeg?ssl=1\"><img data-recalc-dims=\"1\" loading=\"lazy\" decoding=\"async\" class=\"alignnone size-medium wp-image-11272\" src=\"https:\/\/i0.wp.com\/przedszkole8.pl\/wp-content\/uploads\/2022\/12\/56BAA6B1-00B8-4B44-A85C-30B50F399865-300x225.jpeg?resize=300%2C225&#038;ssl=1\" alt=\"56baa6b1-00b8-4b44-a85c-30b50f399865\" width=\"300\" height=\"225\" \/><\/a> <a href=\"https:\/\/i0.wp.com\/przedszkole8.pl\/wp-content\/uploads\/2022\/12\/3F54803D-8977-4103-90D2-0D674501D620.jpeg?ssl=1\"><img data-recalc-dims=\"1\" loading=\"lazy\" decoding=\"async\" class=\"alignnone size-medium wp-image-11273\" src=\"https:\/\/i0.wp.com\/przedszkole8.pl\/wp-content\/uploads\/2022\/12\/3F54803D-8977-4103-90D2-0D674501D620-300x225.jpeg?resize=300%2C225&#038;ssl=1\" alt=\"3f54803d-8977-4103-90d2-0d674501d620\" width=\"300\" height=\"225\" \/><\/a> <a href=\"https:\/\/i0.wp.com\/przedszkole8.pl\/wp-content\/uploads\/2022\/12\/E242541F-3C40-45CE-8A40-BD529968774C.jpeg?ssl=1\"><img data-recalc-dims=\"1\" loading=\"lazy\" decoding=\"async\" class=\"alignnone size-medium wp-image-11274\" src=\"https:\/\/i0.wp.com\/przedszkole8.pl\/wp-content\/uploads\/2022\/12\/E242541F-3C40-45CE-8A40-BD529968774C-300x225.jpeg?resize=300%2C225&#038;ssl=1\" alt=\"e242541f-3c40-45ce-8a40-bd529968774c\" width=\"300\" height=\"225\" \/><\/a><\/p>\n","protected":false},"excerpt":{"rendered":"<p>W dniu 25 listopada przedszkolaki z naszego przedszkola uczestniczy\u0142y w obchodach \u015awiatowego Dnia Pluszowego Misia. Ka\u017cde dziecko przysz\u0142o do przedszkola ze swoim &#8222;milutkim przyjacielem&#8221;. W tym weso\u0142ym dniu przedszkolaki czeka\u0142o wiele atrakcji, wsp\u00f3lnie stworzyli\u015bmy naszego grupowego misia &#8222;Uszatka&#8221;. Oby\u0142 si\u0119 konkurs recytatorski, kt\u00f3rym g\u0142\u00f3wnym bohaterem by\u0142 Mi\u015b, a\u00a0\u00a0popo\u0142udniu razem z gr. IV obejrzeli\u015bmy\u00a0 bajk\u0119 &#8222;Kubu\u015b<\/p>\n","protected":false},"author":25,"featured_media":0,"comment_status":"closed","ping_status":"closed","sticky":false,"template":"","format":"standard","meta":{"jetpack_post_was_ever_published":false,"_jetpack_newsletter_access":"","_jetpack_dont_email_post_to_subs":true,"_jetpack_newsletter_tier_id":0,"_jetpack_memberships_contains_paywalled_content":false,"_jetpack_memberships_contains_paid_content":false,"footnotes":"","jetpack_publicize_message":"","jetpack_publicize_feature_enabled":true,"jetpack_social_post_already_shared":true,"jetpack_social_options":{"image_generator_settings":{"template":"highway","default_image_id":0,"font":"","enabled":false},"version":2}},"categories":[39],"tags":[],"class_list":["post-11260","post","type-post","status-publish","format-standard","hentry","category-misie-2022-2023"],"jetpack_publicize_connections":[],"jetpack_featured_media_url":"","jetpack_sharing_enabled":true,"jetpack_shortlink":"https:\/\/wp.me\/p7NQjT-2VC","jetpack-related-posts":[],"_links":{"self":[{"href":"https:\/\/przedszkole8.pl\/index.php?rest_route=\/wp\/v2\/posts\/11260","targetHints":{"allow":["GET"]}}],"collection":[{"href":"https:\/\/przedszkole8.pl\/index.php?rest_route=\/wp\/v2\/posts"}],"about":[{"href":"https:\/\/przedszkole8.pl\/index.php?rest_route=\/wp\/v2\/types\/post"}],"author":[{"embeddable":true,"href":"https:\/\/przedszkole8.pl\/index.php?rest_route=\/wp\/v2\/users\/25"}],"replies":[{"embeddable":true,"href":"https:\/\/przedszkole8.pl\/index.php?rest_route=%2Fwp%2Fv2%2Fcomments&post=11260"}],"version-history":[{"count":4,"href":"https:\/\/przedszkole8.pl\/index.php?rest_route=\/wp\/v2\/posts\/11260\/revisions"}],"predecessor-version":[{"id":11313,"href":"https:\/\/przedszkole8.pl\/index.php?rest_route=\/wp\/v2\/posts\/11260\/revisions\/11313"}],"wp:attachment":[{"href":"https:\/\/przedszkole8.pl\/index.php?rest_route=%2Fwp%2Fv2%2Fmedia&parent=11260"}],"wp:term":[{"taxonomy":"category","embeddable":true,"href":"https:\/\/przedszkole8.pl\/index.php?rest_route=%2Fwp%2Fv2%2Fcategories&post=11260"},{"taxonomy":"post_tag","embeddable":true,"href":"https:\/\/przedszkole8.pl\/index.php?rest_route=%2Fwp%2Fv2%2Ftags&post=11260"}],"curies":[{"name":"wp","href":"https:\/\/api.w.org\/{rel}","templated":true}]}}