{"id":11255,"date":"2022-12-21T05:03:21","date_gmt":"2022-12-21T05:03:21","guid":{"rendered":"http:\/\/przedszkole8.pl\/?p=11255"},"modified":"2022-12-21T05:03:21","modified_gmt":"2022-12-21T05:03:21","slug":"czytanie-na-dywanie-10","status":"publish","type":"post","link":"https:\/\/przedszkole8.pl\/?p=11255","title":{"rendered":"Czytanie na dywanie"},"content":{"rendered":"<p>Regularny cykl spotka\u0144 <em>czytanie na dywanie<\/em> z go\u015b\u0107mi ze szko\u0142y CKZiU. W dniu 22 listopada wys\u0142uchali\u015bmy przyg\u00f3d Misia Uszatka<\/p>\n<p>.<a href=\"https:\/\/i0.wp.com\/przedszkole8.pl\/wp-content\/uploads\/2022\/12\/A3455F0D-C9C7-4BAF-803B-199D5E800123.jpeg?ssl=1\"><img data-recalc-dims=\"1\" loading=\"lazy\" decoding=\"async\" class=\"alignnone size-medium wp-image-11256\" src=\"https:\/\/i0.wp.com\/przedszkole8.pl\/wp-content\/uploads\/2022\/12\/A3455F0D-C9C7-4BAF-803B-199D5E800123-300x225.jpeg?resize=300%2C225&#038;ssl=1\" alt=\"a3455f0d-c9c7-4baf-803b-199d5e800123\" width=\"300\" height=\"225\" \/><\/a> <a href=\"https:\/\/i0.wp.com\/przedszkole8.pl\/wp-content\/uploads\/2022\/12\/56893101-04A6-4441-96BB-75C9DD578C41.jpeg?ssl=1\"><img data-recalc-dims=\"1\" loading=\"lazy\" decoding=\"async\" class=\"alignnone size-medium wp-image-11257\" src=\"https:\/\/i0.wp.com\/przedszkole8.pl\/wp-content\/uploads\/2022\/12\/56893101-04A6-4441-96BB-75C9DD578C41-300x225.jpeg?resize=300%2C225&#038;ssl=1\" alt=\"56893101-04a6-4441-96bb-75c9dd578c41\" width=\"300\" height=\"225\" \/><\/a> <a href=\"https:\/\/i0.wp.com\/przedszkole8.pl\/wp-content\/uploads\/2022\/12\/B5B52AB0-F232-4302-83FE-83BE0C6DB149.jpeg?ssl=1\"><img data-recalc-dims=\"1\" loading=\"lazy\" decoding=\"async\" class=\"alignnone size-medium wp-image-11258\" src=\"https:\/\/i0.wp.com\/przedszkole8.pl\/wp-content\/uploads\/2022\/12\/B5B52AB0-F232-4302-83FE-83BE0C6DB149-300x225.jpeg?resize=300%2C225&#038;ssl=1\" alt=\"b5b52ab0-f232-4302-83fe-83be0c6db149\" width=\"300\" height=\"225\" \/><\/a><\/p>\n","protected":false},"excerpt":{"rendered":"<p>Regularny cykl spotka\u0144 czytanie na dywanie z go\u015b\u0107mi ze szko\u0142y CKZiU. W dniu 22 listopada wys\u0142uchali\u015bmy przyg\u00f3d Misia Uszatka .<\/p>\n","protected":false},"author":25,"featured_media":0,"comment_status":"closed","ping_status":"closed","sticky":false,"template":"","format":"standard","meta":{"jetpack_post_was_ever_published":false,"_jetpack_newsletter_access":"","_jetpack_dont_email_post_to_subs":false,"_jetpack_newsletter_tier_id":0,"_jetpack_memberships_contains_paywalled_content":false,"_jetpack_memberships_contains_paid_content":false,"footnotes":"","jetpack_publicize_message":"","jetpack_publicize_feature_enabled":true,"jetpack_social_post_already_shared":true,"jetpack_social_options":{"image_generator_settings":{"template":"highway","default_image_id":0,"font":"","enabled":false},"version":2}},"categories":[39],"tags":[],"class_list":["post-11255","post","type-post","status-publish","format-standard","hentry","category-misie-2022-2023"],"jetpack_publicize_connections":[],"jetpack_featured_media_url":"","jetpack_sharing_enabled":true,"jetpack_shortlink":"https:\/\/wp.me\/p7NQjT-2Vx","jetpack-related-posts":[],"_links":{"self":[{"href":"https:\/\/przedszkole8.pl\/index.php?rest_route=\/wp\/v2\/posts\/11255","targetHints":{"allow":["GET"]}}],"collection":[{"href":"https:\/\/przedszkole8.pl\/index.php?rest_route=\/wp\/v2\/posts"}],"about":[{"href":"https:\/\/przedszkole8.pl\/index.php?rest_route=\/wp\/v2\/types\/post"}],"author":[{"embeddable":true,"href":"https:\/\/przedszkole8.pl\/index.php?rest_route=\/wp\/v2\/users\/25"}],"replies":[{"embeddable":true,"href":"https:\/\/przedszkole8.pl\/index.php?rest_route=%2Fwp%2Fv2%2Fcomments&post=11255"}],"version-history":[{"count":1,"href":"https:\/\/przedszkole8.pl\/index.php?rest_route=\/wp\/v2\/posts\/11255\/revisions"}],"predecessor-version":[{"id":11259,"href":"https:\/\/przedszkole8.pl\/index.php?rest_route=\/wp\/v2\/posts\/11255\/revisions\/11259"}],"wp:attachment":[{"href":"https:\/\/przedszkole8.pl\/index.php?rest_route=%2Fwp%2Fv2%2Fmedia&parent=11255"}],"wp:term":[{"taxonomy":"category","embeddable":true,"href":"https:\/\/przedszkole8.pl\/index.php?rest_route=%2Fwp%2Fv2%2Fcategories&post=11255"},{"taxonomy":"post_tag","embeddable":true,"href":"https:\/\/przedszkole8.pl\/index.php?rest_route=%2Fwp%2Fv2%2Ftags&post=11255"}],"curies":[{"name":"wp","href":"https:\/\/api.w.org\/{rel}","templated":true}]}}