{"id":11244,"date":"2022-12-21T04:56:00","date_gmt":"2022-12-21T04:56:00","guid":{"rendered":"http:\/\/przedszkole8.pl\/?p=11244"},"modified":"2022-12-21T04:56:00","modified_gmt":"2022-12-21T04:56:00","slug":"swieto-niepodleglosci","status":"publish","type":"post","link":"https:\/\/przedszkole8.pl\/?p=11244","title":{"rendered":"\u015awi\u0119to Niepodleg\u0142o\u015bci"},"content":{"rendered":"<p>W dniu 10 listopada obchodzili\u015bmy w naszym przedszkolu\u00a0 \u015awi\u0119to Niepodleg\u0142o\u015bci, \u015bwi\u0119towali\u015bmy ten wyj\u0105tkowy dla Nas &#8211; Polak\u00f3w dzie\u0144. Z tej okazji wszystkie dzieci przysz\u0142y ubrane w barach bia\u0142o-czerwonych.\u00a0Dzieci wykona\u0142y na t\u0119 uroczysto\u015b\u0107 kotyliony w kszta\u0142cie serc. Razem z pozosta\u0142ymi grupami od\u015bpiewali\u015bmy hymn polski &#8222;Mazurek D\u0105browskiego&#8221; o symbolicznej godzinie 11:11. Ma\u0142gosia przynios\u0142a pi\u0119kn\u0105 pami\u0105tk\u0119 po swoim pradziadku, medal za udzia\u0142 w wojnie obronnej w 1939 r.<\/p>\n<p><a href=\"https:\/\/i0.wp.com\/przedszkole8.pl\/wp-content\/uploads\/2022\/12\/B5EF011A-DB5F-4CF4-A332-F3F2382C82C1.jpeg?ssl=1\"><img data-recalc-dims=\"1\" loading=\"lazy\" decoding=\"async\" class=\"alignnone size-medium wp-image-11246\" src=\"https:\/\/i0.wp.com\/przedszkole8.pl\/wp-content\/uploads\/2022\/12\/B5EF011A-DB5F-4CF4-A332-F3F2382C82C1-300x225.jpeg?resize=300%2C225&#038;ssl=1\" alt=\"b5ef011a-db5f-4cf4-a332-f3f2382c82c1\" width=\"300\" height=\"225\" \/><\/a> <a href=\"https:\/\/i0.wp.com\/przedszkole8.pl\/wp-content\/uploads\/2022\/12\/1E32F4C4-7E54-4D4C-890A-D2E527906F51.jpeg?ssl=1\"><img data-recalc-dims=\"1\" loading=\"lazy\" decoding=\"async\" class=\"alignnone size-medium wp-image-11247\" src=\"https:\/\/i0.wp.com\/przedszkole8.pl\/wp-content\/uploads\/2022\/12\/1E32F4C4-7E54-4D4C-890A-D2E527906F51-300x225.jpeg?resize=300%2C225&#038;ssl=1\" alt=\"1e32f4c4-7e54-4d4c-890a-d2e527906f51\" width=\"300\" height=\"225\" \/><\/a> <a href=\"https:\/\/i0.wp.com\/przedszkole8.pl\/wp-content\/uploads\/2022\/12\/7252FB34-D83E-467F-A90B-9EC23F54745E.jpeg?ssl=1\"><img data-recalc-dims=\"1\" loading=\"lazy\" decoding=\"async\" class=\"alignnone size-medium wp-image-11248\" src=\"https:\/\/i0.wp.com\/przedszkole8.pl\/wp-content\/uploads\/2022\/12\/7252FB34-D83E-467F-A90B-9EC23F54745E-300x225.jpeg?resize=300%2C225&#038;ssl=1\" alt=\"7252fb34-d83e-467f-a90b-9ec23f54745e\" width=\"300\" height=\"225\" \/><\/a> <a href=\"https:\/\/i0.wp.com\/przedszkole8.pl\/wp-content\/uploads\/2022\/12\/C3981979-DEC0-4C19-95BD-F8A0ABDAC65B.jpeg?ssl=1\"><img data-recalc-dims=\"1\" loading=\"lazy\" decoding=\"async\" class=\"alignnone size-medium wp-image-11249\" src=\"https:\/\/i0.wp.com\/przedszkole8.pl\/wp-content\/uploads\/2022\/12\/C3981979-DEC0-4C19-95BD-F8A0ABDAC65B-300x225.jpeg?resize=300%2C225&#038;ssl=1\" alt=\"c3981979-dec0-4c19-95bd-f8a0abdac65b\" width=\"300\" height=\"225\" \/><\/a> <a href=\"https:\/\/i0.wp.com\/przedszkole8.pl\/wp-content\/uploads\/2022\/12\/3AFAC4DE-012B-4730-A7D7-B9724826D2D3.jpeg?ssl=1\"><img data-recalc-dims=\"1\" loading=\"lazy\" decoding=\"async\" class=\"alignnone size-medium wp-image-11250\" src=\"https:\/\/i0.wp.com\/przedszkole8.pl\/wp-content\/uploads\/2022\/12\/3AFAC4DE-012B-4730-A7D7-B9724826D2D3-300x225.jpeg?resize=300%2C225&#038;ssl=1\" alt=\"3afac4de-012b-4730-a7d7-b9724826d2d3\" width=\"300\" height=\"225\" \/><\/a> <a href=\"https:\/\/i0.wp.com\/przedszkole8.pl\/wp-content\/uploads\/2022\/12\/174FB0C0-2FBA-4283-A70D-DA82856C8D9D.jpeg?ssl=1\"><img data-recalc-dims=\"1\" loading=\"lazy\" decoding=\"async\" class=\"alignnone size-medium wp-image-11251\" src=\"https:\/\/i0.wp.com\/przedszkole8.pl\/wp-content\/uploads\/2022\/12\/174FB0C0-2FBA-4283-A70D-DA82856C8D9D-300x225.jpeg?resize=300%2C225&#038;ssl=1\" alt=\"174fb0c0-2fba-4283-a70d-da82856c8d9d\" width=\"300\" height=\"225\" \/><\/a> <a href=\"https:\/\/i0.wp.com\/przedszkole8.pl\/wp-content\/uploads\/2022\/12\/30D85041-0A31-472E-8CC4-49CD9051523D.jpeg?ssl=1\"><img data-recalc-dims=\"1\" loading=\"lazy\" decoding=\"async\" class=\"alignnone size-medium wp-image-11252\" src=\"https:\/\/i0.wp.com\/przedszkole8.pl\/wp-content\/uploads\/2022\/12\/30D85041-0A31-472E-8CC4-49CD9051523D-300x225.jpeg?resize=300%2C225&#038;ssl=1\" alt=\"30d85041-0a31-472e-8cc4-49cd9051523d\" width=\"300\" height=\"225\" \/><\/a> <a href=\"https:\/\/i0.wp.com\/przedszkole8.pl\/wp-content\/uploads\/2022\/12\/AC301765-08E1-4D00-ABF7-5ADA1ED1E5EE.jpeg?ssl=1\"><img data-recalc-dims=\"1\" loading=\"lazy\" decoding=\"async\" class=\"alignnone size-medium wp-image-11253\" src=\"https:\/\/i0.wp.com\/przedszkole8.pl\/wp-content\/uploads\/2022\/12\/AC301765-08E1-4D00-ABF7-5ADA1ED1E5EE-300x225.jpeg?resize=300%2C225&#038;ssl=1\" alt=\"ac301765-08e1-4d00-abf7-5ada1ed1e5ee\" width=\"300\" height=\"225\" \/><\/a><\/p>\n","protected":false},"excerpt":{"rendered":"<p>W dniu 10 listopada obchodzili\u015bmy w naszym przedszkolu\u00a0 \u015awi\u0119to Niepodleg\u0142o\u015bci, \u015bwi\u0119towali\u015bmy ten wyj\u0105tkowy dla Nas &#8211; Polak\u00f3w dzie\u0144. Z tej okazji wszystkie dzieci przysz\u0142y ubrane w barach bia\u0142o-czerwonych.\u00a0Dzieci wykona\u0142y na t\u0119 uroczysto\u015b\u0107 kotyliony w kszta\u0142cie serc. Razem z pozosta\u0142ymi grupami od\u015bpiewali\u015bmy hymn polski &#8222;Mazurek D\u0105browskiego&#8221; o symbolicznej godzinie 11:11. Ma\u0142gosia przynios\u0142a pi\u0119kn\u0105 pami\u0105tk\u0119 po swoim<\/p>\n","protected":false},"author":25,"featured_media":0,"comment_status":"closed","ping_status":"closed","sticky":false,"template":"","format":"standard","meta":{"jetpack_post_was_ever_published":false,"_jetpack_newsletter_access":"","_jetpack_dont_email_post_to_subs":false,"_jetpack_newsletter_tier_id":0,"_jetpack_memberships_contains_paywalled_content":false,"_jetpack_memberships_contains_paid_content":false,"footnotes":"","jetpack_publicize_message":"","jetpack_publicize_feature_enabled":true,"jetpack_social_post_already_shared":true,"jetpack_social_options":{"image_generator_settings":{"template":"highway","default_image_id":0,"font":"","enabled":false},"version":2}},"categories":[39],"tags":[],"class_list":["post-11244","post","type-post","status-publish","format-standard","hentry","category-misie-2022-2023"],"jetpack_publicize_connections":[],"jetpack_featured_media_url":"","jetpack_sharing_enabled":true,"jetpack_shortlink":"https:\/\/wp.me\/p7NQjT-2Vm","jetpack-related-posts":[],"_links":{"self":[{"href":"https:\/\/przedszkole8.pl\/index.php?rest_route=\/wp\/v2\/posts\/11244","targetHints":{"allow":["GET"]}}],"collection":[{"href":"https:\/\/przedszkole8.pl\/index.php?rest_route=\/wp\/v2\/posts"}],"about":[{"href":"https:\/\/przedszkole8.pl\/index.php?rest_route=\/wp\/v2\/types\/post"}],"author":[{"embeddable":true,"href":"https:\/\/przedszkole8.pl\/index.php?rest_route=\/wp\/v2\/users\/25"}],"replies":[{"embeddable":true,"href":"https:\/\/przedszkole8.pl\/index.php?rest_route=%2Fwp%2Fv2%2Fcomments&post=11244"}],"version-history":[{"count":1,"href":"https:\/\/przedszkole8.pl\/index.php?rest_route=\/wp\/v2\/posts\/11244\/revisions"}],"predecessor-version":[{"id":11254,"href":"https:\/\/przedszkole8.pl\/index.php?rest_route=\/wp\/v2\/posts\/11244\/revisions\/11254"}],"wp:attachment":[{"href":"https:\/\/przedszkole8.pl\/index.php?rest_route=%2Fwp%2Fv2%2Fmedia&parent=11244"}],"wp:term":[{"taxonomy":"category","embeddable":true,"href":"https:\/\/przedszkole8.pl\/index.php?rest_route=%2Fwp%2Fv2%2Fcategories&post=11244"},{"taxonomy":"post_tag","embeddable":true,"href":"https:\/\/przedszkole8.pl\/index.php?rest_route=%2Fwp%2Fv2%2Ftags&post=11244"}],"curies":[{"name":"wp","href":"https:\/\/api.w.org\/{rel}","templated":true}]}}