{"id":11196,"date":"2022-12-18T21:23:31","date_gmt":"2022-12-18T21:23:31","guid":{"rendered":"http:\/\/przedszkole8.pl\/?p=11196"},"modified":"2022-12-18T21:23:31","modified_gmt":"2022-12-18T21:23:31","slug":"swiateczny-tydzien-artystyczny","status":"publish","type":"post","link":"https:\/\/przedszkole8.pl\/?p=11196","title":{"rendered":"\u015awi\u0105teczny Tydzie\u0144 Artystyczny"},"content":{"rendered":"<p>\u015awi\u0105teczny Tydzie\u0144 Artystyczny w grupie V\u00a0 przebiega\u0142 nast\u0119puj\u0105co:<\/p>\n<p>Poniedzia\u0142ek 12 grudnia: dzieci zaprojektowa\u0142y i wykona\u0142y w\u0142asnor\u0119cznie kartki \u015bwi\u0105teczne.<\/p>\n<p>Wtorek 13 grudnia:\u00a0 odby\u0142y si\u0119&#8221; Zaj\u0119cia otwarte z rodzicami&#8221;\u00a0 wypiekano i dekorowano pierniczki na &#8222;Kiermasz \u015awi\u0105teczny&#8221;<\/p>\n<p>\u015aroda 14 grudnia : w ramach Przegl\u0105du Piosenki \u015awi\u0105tecznej dzieci wyst\u0105pi\u0142y przed publiczno\u015bci\u0105 przedszkoln\u0105, za\u015bpiewa\u0142y kol\u0119d\u0119 &#8222;Nie mia\u0142y Anio\u0142ki choinki na \u015bwi\u0119ta&#8221;<\/p>\n<p>Czwartek 15 grudnia- ogl\u0105dali\u015bmy przedstawienie teatralne pt\u00a0 &#8222;Era renifera&#8221;<\/p>\n<p>Pi\u0105tek 16 grudnia w ramach \u015awi\u0105tecznego Przegl\u0105du Ta\u0144ca zesp\u00f3\u0142 taneczny zata\u0144czy\u0142 uk\u0142ad do piosenki\u00a0 &#8222;Kochany Panie Miko\u0142aju&#8221;<\/p>\n<p>&nbsp;<\/p>\n<p><a href=\"https:\/\/i0.wp.com\/przedszkole8.pl\/wp-content\/uploads\/2022\/12\/IMG-7023-e1671392734391.jpg?ssl=1\"><img data-recalc-dims=\"1\" loading=\"lazy\" decoding=\"async\" class=\"alignnone  wp-image-11197\" src=\"https:\/\/i0.wp.com\/przedszkole8.pl\/wp-content\/uploads\/2022\/12\/IMG-7023-e1671392734391-225x300.jpg?resize=300%2C225&#038;ssl=1\" alt=\"img-7023\" width=\"300\" height=\"225\" \/><\/a>\u00a0<a href=\"https:\/\/i0.wp.com\/przedszkole8.pl\/wp-content\/uploads\/2022\/12\/IMG-7027.jpg?ssl=1\"> <img data-recalc-dims=\"1\" loading=\"lazy\" decoding=\"async\" class=\"alignnone size-medium wp-image-11199\" src=\"https:\/\/i0.wp.com\/przedszkole8.pl\/wp-content\/uploads\/2022\/12\/IMG-7027-300x225.jpg?resize=300%2C225&#038;ssl=1\" alt=\"img-7027\" width=\"300\" height=\"225\" \/><\/a><a href=\"https:\/\/i0.wp.com\/przedszkole8.pl\/wp-content\/uploads\/2022\/12\/IMG-7030.jpg?ssl=1\"> <img data-recalc-dims=\"1\" loading=\"lazy\" decoding=\"async\" class=\"alignnone size-medium wp-image-11200\" src=\"https:\/\/i0.wp.com\/przedszkole8.pl\/wp-content\/uploads\/2022\/12\/IMG-7030-300x225.jpg?resize=300%2C225&#038;ssl=1\" alt=\"img-7030\" width=\"300\" height=\"225\" \/><\/a><a href=\"https:\/\/i0.wp.com\/przedszkole8.pl\/wp-content\/uploads\/2022\/12\/IMG-7033.jpg?ssl=1\"> <img data-recalc-dims=\"1\" loading=\"lazy\" decoding=\"async\" class=\"alignnone size-medium wp-image-11201\" src=\"https:\/\/i0.wp.com\/przedszkole8.pl\/wp-content\/uploads\/2022\/12\/IMG-7033-300x225.jpg?resize=300%2C225&#038;ssl=1\" alt=\"img-7033\" width=\"300\" height=\"225\" \/>\u00a0<\/a><a href=\"https:\/\/i0.wp.com\/przedszkole8.pl\/wp-content\/uploads\/2022\/12\/319141733_939580303697922_2651785720856196319_n.jpg?ssl=1\"><img data-recalc-dims=\"1\" loading=\"lazy\" decoding=\"async\" class=\"alignnone size-medium wp-image-11206\" src=\"https:\/\/i0.wp.com\/przedszkole8.pl\/wp-content\/uploads\/2022\/12\/319141733_939580303697922_2651785720856196319_n-300x226.jpg?resize=300%2C226&#038;ssl=1\" alt=\"319141733_939580303697922_2651785720856196319_n\" width=\"300\" height=\"226\" \/><\/a><\/p>\n","protected":false},"excerpt":{"rendered":"<p>\u015awi\u0105teczny Tydzie\u0144 Artystyczny w grupie V\u00a0 przebiega\u0142 nast\u0119puj\u0105co: Poniedzia\u0142ek 12 grudnia: dzieci zaprojektowa\u0142y i wykona\u0142y w\u0142asnor\u0119cznie kartki \u015bwi\u0105teczne. Wtorek 13 grudnia:\u00a0 odby\u0142y si\u0119&#8221; Zaj\u0119cia otwarte z rodzicami&#8221;\u00a0 wypiekano i dekorowano pierniczki na &#8222;Kiermasz \u015awi\u0105teczny&#8221; \u015aroda 14 grudnia : w ramach Przegl\u0105du Piosenki \u015awi\u0105tecznej dzieci wyst\u0105pi\u0142y przed publiczno\u015bci\u0105 przedszkoln\u0105, za\u015bpiewa\u0142y kol\u0119d\u0119 &#8222;Nie mia\u0142y Anio\u0142ki choinki na<\/p>\n","protected":false},"author":9,"featured_media":0,"comment_status":"closed","ping_status":"closed","sticky":false,"template":"","format":"standard","meta":{"jetpack_post_was_ever_published":false,"_jetpack_newsletter_access":"","_jetpack_dont_email_post_to_subs":false,"_jetpack_newsletter_tier_id":0,"_jetpack_memberships_contains_paywalled_content":false,"_jetpack_memberships_contains_paid_content":false,"footnotes":"","jetpack_publicize_message":"","jetpack_publicize_feature_enabled":true,"jetpack_social_post_already_shared":true,"jetpack_social_options":{"image_generator_settings":{"template":"highway","default_image_id":0,"font":"","enabled":false},"version":2}},"categories":[41],"tags":[],"class_list":["post-11196","post","type-post","status-publish","format-standard","hentry","category-niedzwiadki-2022-2023"],"jetpack_publicize_connections":[],"jetpack_featured_media_url":"","jetpack_sharing_enabled":true,"jetpack_shortlink":"https:\/\/wp.me\/p7NQjT-2UA","jetpack-related-posts":[],"_links":{"self":[{"href":"https:\/\/przedszkole8.pl\/index.php?rest_route=\/wp\/v2\/posts\/11196","targetHints":{"allow":["GET"]}}],"collection":[{"href":"https:\/\/przedszkole8.pl\/index.php?rest_route=\/wp\/v2\/posts"}],"about":[{"href":"https:\/\/przedszkole8.pl\/index.php?rest_route=\/wp\/v2\/types\/post"}],"author":[{"embeddable":true,"href":"https:\/\/przedszkole8.pl\/index.php?rest_route=\/wp\/v2\/users\/9"}],"replies":[{"embeddable":true,"href":"https:\/\/przedszkole8.pl\/index.php?rest_route=%2Fwp%2Fv2%2Fcomments&post=11196"}],"version-history":[{"count":3,"href":"https:\/\/przedszkole8.pl\/index.php?rest_route=\/wp\/v2\/posts\/11196\/revisions"}],"predecessor-version":[{"id":11213,"href":"https:\/\/przedszkole8.pl\/index.php?rest_route=\/wp\/v2\/posts\/11196\/revisions\/11213"}],"wp:attachment":[{"href":"https:\/\/przedszkole8.pl\/index.php?rest_route=%2Fwp%2Fv2%2Fmedia&parent=11196"}],"wp:term":[{"taxonomy":"category","embeddable":true,"href":"https:\/\/przedszkole8.pl\/index.php?rest_route=%2Fwp%2Fv2%2Fcategories&post=11196"},{"taxonomy":"post_tag","embeddable":true,"href":"https:\/\/przedszkole8.pl\/index.php?rest_route=%2Fwp%2Fv2%2Ftags&post=11196"}],"curies":[{"name":"wp","href":"https:\/\/api.w.org\/{rel}","templated":true}]}}