{"id":11190,"date":"2022-12-18T21:21:51","date_gmt":"2022-12-18T21:21:51","guid":{"rendered":"http:\/\/przedszkole8.pl\/?p=11190"},"modified":"2022-12-18T21:21:51","modified_gmt":"2022-12-18T21:21:51","slug":"poznajemy-zawod-kolejarza","status":"publish","type":"post","link":"https:\/\/przedszkole8.pl\/?p=11190","title":{"rendered":"Poznajemy zaw\u00f3d kolejarza"},"content":{"rendered":"<p>We wtorek 13 grudnia mieli\u015bmy zaszczyt go\u015bci\u0107 w naszej grupie pracownik\u00f3w kolej.\u00a0 Odwiedzi\u0142a nas mama Artura, wraz\u00a0 ze swoim prze\u0142o\u017conym. Mama Arturka jest kierownikiem poci\u0105gu. Nasi go\u015bcie zapoznali dzieci z charakterem\u00a0 pracy na kolej. Opowiadali o zawodach jakie mo\u017cna wykonywa\u0107 i obowi\u0105zkach . Dzieci mia\u0142y mo\u017cliwo\u015b\u0107 w\u0142asnor\u0119cznego u\u017cycia kasownika. Pozna\u0142y te\u017c r\u00f3\u017cne sygna\u0142y wydawane za pomoc\u0105 gwizdka, chor\u0105giewki i kr\u00f3tkofal\u00f3wki. Niekt\u00f3rzy\u00a0 po tym\u00a0 spotkaniu\u00a0 zadeklarowali , \u017ce zostan\u0105 w przysz\u0142o\u015bci kolejarzami. Wizyta wzbogaci\u0142o dzieci o nowe wiadomo\u015bci i umiej\u0119tno\u015bci. Bardzo dzi\u0119kujemy mamie Artura pani Sarze i panu Naczelnikowi za mi\u0142e spotkanie.<\/p>\n<p><a href=\"https:\/\/i0.wp.com\/przedszkole8.pl\/wp-content\/uploads\/2022\/12\/IMG_7009.jpg?ssl=1\"><img data-recalc-dims=\"1\" loading=\"lazy\" decoding=\"async\" class=\"alignnone size-medium wp-image-11191\" src=\"https:\/\/i0.wp.com\/przedszkole8.pl\/wp-content\/uploads\/2022\/12\/IMG_7009-300x225.jpg?resize=300%2C225&#038;ssl=1\" alt=\"img_7009\" width=\"300\" height=\"225\" \/><\/a> <a href=\"https:\/\/i0.wp.com\/przedszkole8.pl\/wp-content\/uploads\/2022\/12\/IMG_7010.jpg?ssl=1\"><img data-recalc-dims=\"1\" loading=\"lazy\" decoding=\"async\" class=\"alignnone size-medium wp-image-11192\" src=\"https:\/\/i0.wp.com\/przedszkole8.pl\/wp-content\/uploads\/2022\/12\/IMG_7010-300x225.jpg?resize=300%2C225&#038;ssl=1\" alt=\"img_7010\" width=\"300\" height=\"225\" \/><\/a> <a href=\"https:\/\/i0.wp.com\/przedszkole8.pl\/wp-content\/uploads\/2022\/12\/IMG_7011.jpg?ssl=1\"><img data-recalc-dims=\"1\" loading=\"lazy\" decoding=\"async\" class=\"alignnone size-medium wp-image-11193\" src=\"https:\/\/i0.wp.com\/przedszkole8.pl\/wp-content\/uploads\/2022\/12\/IMG_7011-300x225.jpg?resize=300%2C225&#038;ssl=1\" alt=\"img_7011\" width=\"300\" height=\"225\" \/><\/a> <a href=\"https:\/\/i0.wp.com\/przedszkole8.pl\/wp-content\/uploads\/2022\/12\/IMG_7017.jpg?ssl=1\"><img data-recalc-dims=\"1\" loading=\"lazy\" decoding=\"async\" class=\"alignnone size-medium wp-image-11194\" src=\"https:\/\/i0.wp.com\/przedszkole8.pl\/wp-content\/uploads\/2022\/12\/IMG_7017-300x225.jpg?resize=300%2C225&#038;ssl=1\" alt=\"img_7017\" width=\"300\" height=\"225\" \/><\/a> <a href=\"https:\/\/i0.wp.com\/przedszkole8.pl\/wp-content\/uploads\/2022\/12\/IMG_7022.jpg?ssl=1\"><img data-recalc-dims=\"1\" loading=\"lazy\" decoding=\"async\" class=\"alignnone size-medium wp-image-11195\" src=\"https:\/\/i0.wp.com\/przedszkole8.pl\/wp-content\/uploads\/2022\/12\/IMG_7022-300x225.jpg?resize=300%2C225&#038;ssl=1\" alt=\"img_7022\" width=\"300\" height=\"225\" \/><\/a><\/p>\n","protected":false},"excerpt":{"rendered":"<p>We wtorek 13 grudnia mieli\u015bmy zaszczyt go\u015bci\u0107 w naszej grupie pracownik\u00f3w kolej.\u00a0 Odwiedzi\u0142a nas mama Artura, wraz\u00a0 ze swoim prze\u0142o\u017conym. Mama Arturka jest kierownikiem poci\u0105gu. Nasi go\u015bcie zapoznali dzieci z charakterem\u00a0 pracy na kolej. Opowiadali o zawodach jakie mo\u017cna wykonywa\u0107 i obowi\u0105zkach . Dzieci mia\u0142y mo\u017cliwo\u015b\u0107 w\u0142asnor\u0119cznego u\u017cycia kasownika. Pozna\u0142y te\u017c r\u00f3\u017cne sygna\u0142y wydawane za<\/p>\n","protected":false},"author":9,"featured_media":0,"comment_status":"closed","ping_status":"closed","sticky":false,"template":"","format":"standard","meta":{"jetpack_post_was_ever_published":false,"_jetpack_newsletter_access":"","_jetpack_dont_email_post_to_subs":false,"_jetpack_newsletter_tier_id":0,"_jetpack_memberships_contains_paywalled_content":false,"_jetpack_memberships_contains_paid_content":false,"footnotes":"","jetpack_publicize_message":"","jetpack_publicize_feature_enabled":true,"jetpack_social_post_already_shared":true,"jetpack_social_options":{"image_generator_settings":{"template":"highway","default_image_id":0,"font":"","enabled":false},"version":2}},"categories":[41],"tags":[],"class_list":["post-11190","post","type-post","status-publish","format-standard","hentry","category-niedzwiadki-2022-2023"],"jetpack_publicize_connections":[],"jetpack_featured_media_url":"","jetpack_sharing_enabled":true,"jetpack_shortlink":"https:\/\/wp.me\/p7NQjT-2Uu","jetpack-related-posts":[],"_links":{"self":[{"href":"https:\/\/przedszkole8.pl\/index.php?rest_route=\/wp\/v2\/posts\/11190","targetHints":{"allow":["GET"]}}],"collection":[{"href":"https:\/\/przedszkole8.pl\/index.php?rest_route=\/wp\/v2\/posts"}],"about":[{"href":"https:\/\/przedszkole8.pl\/index.php?rest_route=\/wp\/v2\/types\/post"}],"author":[{"embeddable":true,"href":"https:\/\/przedszkole8.pl\/index.php?rest_route=\/wp\/v2\/users\/9"}],"replies":[{"embeddable":true,"href":"https:\/\/przedszkole8.pl\/index.php?rest_route=%2Fwp%2Fv2%2Fcomments&post=11190"}],"version-history":[{"count":3,"href":"https:\/\/przedszkole8.pl\/index.php?rest_route=\/wp\/v2\/posts\/11190\/revisions"}],"predecessor-version":[{"id":11232,"href":"https:\/\/przedszkole8.pl\/index.php?rest_route=\/wp\/v2\/posts\/11190\/revisions\/11232"}],"wp:attachment":[{"href":"https:\/\/przedszkole8.pl\/index.php?rest_route=%2Fwp%2Fv2%2Fmedia&parent=11190"}],"wp:term":[{"taxonomy":"category","embeddable":true,"href":"https:\/\/przedszkole8.pl\/index.php?rest_route=%2Fwp%2Fv2%2Fcategories&post=11190"},{"taxonomy":"post_tag","embeddable":true,"href":"https:\/\/przedszkole8.pl\/index.php?rest_route=%2Fwp%2Fv2%2Ftags&post=11190"}],"curies":[{"name":"wp","href":"https:\/\/api.w.org\/{rel}","templated":true}]}}