{"id":11175,"date":"2022-12-16T17:18:28","date_gmt":"2022-12-16T17:18:28","guid":{"rendered":"http:\/\/przedszkole8.pl\/?p=11175"},"modified":"2022-12-16T17:18:54","modified_gmt":"2022-12-16T17:18:54","slug":"swiateczny-tydzien-artystyczny-dzien-piaty","status":"publish","type":"post","link":"https:\/\/przedszkole8.pl\/?p=11175","title":{"rendered":"\u015awi\u0105teczny Tydzie\u0144 Artystyczny &#8211; dzie\u0144 pi\u0105ty"},"content":{"rendered":"<p>W ostatnim dniu \u015awi\u0105tecznego Tygodnia Artystycznego odby\u0142 si\u0119 przegl\u0105d \u015bwi\u0105tecznych ta\u0144c\u00f3w. Uszatki wyst\u0105pi\u0142y przed Puchatkami z ta\u0144cem do piosenki &#8222;Rockin&#8217; around the christmas tree&#8221;.<\/p>\n<div style=\"width: 550px;\" class=\"wp-video\"><!--[if lt IE 9]><script>document.createElement('video');<\/script><![endif]-->\n<video class=\"wp-video-shortcode\" id=\"video-11175-1\" width=\"550\" height=\"550\" preload=\"metadata\" controls=\"controls\"><source type=\"video\/mp4\" src=\"https:\/\/przedszkole8.pl\/wp-content\/uploads\/2022\/12\/10000000_5907437912633322_7405392689006929190_n.mp4?_=1\" \/><a href=\"https:\/\/przedszkole8.pl\/wp-content\/uploads\/2022\/12\/10000000_5907437912633322_7405392689006929190_n.mp4\">https:\/\/przedszkole8.pl\/wp-content\/uploads\/2022\/12\/10000000_5907437912633322_7405392689006929190_n.mp4<\/a><\/video><\/div>\n","protected":false},"excerpt":{"rendered":"<p>W ostatnim dniu \u015awi\u0105tecznego Tygodnia Artystycznego odby\u0142 si\u0119 przegl\u0105d \u015bwi\u0105tecznych ta\u0144c\u00f3w. Uszatki wyst\u0105pi\u0142y przed Puchatkami z ta\u0144cem do piosenki &#8222;Rockin&#8217; around the christmas tree&#8221;.<\/p>\n","protected":false},"author":24,"featured_media":0,"comment_status":"closed","ping_status":"closed","sticky":false,"template":"","format":"standard","meta":{"jetpack_post_was_ever_published":false,"_jetpack_newsletter_access":"","_jetpack_dont_email_post_to_subs":false,"_jetpack_newsletter_tier_id":0,"_jetpack_memberships_contains_paywalled_content":false,"_jetpack_memberships_contains_paid_content":false,"footnotes":"","jetpack_publicize_message":"","jetpack_publicize_feature_enabled":true,"jetpack_social_post_already_shared":true,"jetpack_social_options":{"image_generator_settings":{"template":"highway","default_image_id":0,"font":"","enabled":false},"version":2}},"categories":[38],"tags":[],"class_list":["post-11175","post","type-post","status-publish","format-standard","hentry","category-uszatki-2022-2023"],"jetpack_publicize_connections":[],"jetpack_featured_media_url":"","jetpack_sharing_enabled":true,"jetpack_shortlink":"https:\/\/wp.me\/p7NQjT-2Uf","jetpack-related-posts":[],"_links":{"self":[{"href":"https:\/\/przedszkole8.pl\/index.php?rest_route=\/wp\/v2\/posts\/11175","targetHints":{"allow":["GET"]}}],"collection":[{"href":"https:\/\/przedszkole8.pl\/index.php?rest_route=\/wp\/v2\/posts"}],"about":[{"href":"https:\/\/przedszkole8.pl\/index.php?rest_route=\/wp\/v2\/types\/post"}],"author":[{"embeddable":true,"href":"https:\/\/przedszkole8.pl\/index.php?rest_route=\/wp\/v2\/users\/24"}],"replies":[{"embeddable":true,"href":"https:\/\/przedszkole8.pl\/index.php?rest_route=%2Fwp%2Fv2%2Fcomments&post=11175"}],"version-history":[{"count":1,"href":"https:\/\/przedszkole8.pl\/index.php?rest_route=\/wp\/v2\/posts\/11175\/revisions"}],"predecessor-version":[{"id":11176,"href":"https:\/\/przedszkole8.pl\/index.php?rest_route=\/wp\/v2\/posts\/11175\/revisions\/11176"}],"wp:attachment":[{"href":"https:\/\/przedszkole8.pl\/index.php?rest_route=%2Fwp%2Fv2%2Fmedia&parent=11175"}],"wp:term":[{"taxonomy":"category","embeddable":true,"href":"https:\/\/przedszkole8.pl\/index.php?rest_route=%2Fwp%2Fv2%2Fcategories&post=11175"},{"taxonomy":"post_tag","embeddable":true,"href":"https:\/\/przedszkole8.pl\/index.php?rest_route=%2Fwp%2Fv2%2Ftags&post=11175"}],"curies":[{"name":"wp","href":"https:\/\/api.w.org\/{rel}","templated":true}]}}