{"id":11169,"date":"2022-12-16T17:11:28","date_gmt":"2022-12-16T17:11:28","guid":{"rendered":"http:\/\/przedszkole8.pl\/?p=11169"},"modified":"2022-12-16T17:11:28","modified_gmt":"2022-12-16T17:11:28","slug":"swiateczny-tydzien-artystyczny-przeglad-tanca","status":"publish","type":"post","link":"https:\/\/przedszkole8.pl\/?p=11169","title":{"rendered":"\u015awi\u0105teczny Tydzie\u0144 Artystyczny &#8211; przegl\u0105d ta\u0144ca"},"content":{"rendered":"<p>W pi\u0105tek 16 grudnia zata\u0144czyli\u015bmy na przedszkolnej scenie na przegl\u0105dzie \u015bwi\u0105tecznego ta\u0144ca Tygodnia Artystycznego taniec Elf\u00f3w do piosenki &#8222;Elfy&#8221;. By\u0142 to taniec zespo\u0142owy dziewi\u0119cioosobowy. Dzieci w zespole \u0107wiczy\u0142y co dzie\u0144 inne. W pi\u0105tek dzieci by\u0142o 10. Fabian w ostatniej chwili do\u0142\u0105czy\u0142 do zespo\u0142u jako dziesi\u0105ty, co wprawi\u0142o nie tylko jego w zak\u0142opotanie. Takie niespodzianki te\u017c s\u0105 mi\u0142e. Cieszymy si\u0119, \u017ce Fabian chcia\u0142 z nami zata\u0144czy\u0107.<\/p>\n<p>&nbsp;<\/p>\n<div style=\"width: 550px;\" class=\"wp-video\"><!--[if lt IE 9]><script>document.createElement('video');<\/script><![endif]-->\n<video class=\"wp-video-shortcode\" id=\"video-11169-1\" width=\"550\" height=\"550\" preload=\"metadata\" controls=\"controls\"><source type=\"video\/mp4\" src=\"https:\/\/przedszkole8.pl\/wp-content\/uploads\/2022\/12\/received_878382880177748.mp4?_=1\" \/><a href=\"https:\/\/przedszkole8.pl\/wp-content\/uploads\/2022\/12\/received_878382880177748.mp4\">https:\/\/przedszkole8.pl\/wp-content\/uploads\/2022\/12\/received_878382880177748.mp4<\/a><\/video><\/div>\n<p><a href=\"https:\/\/i0.wp.com\/przedszkole8.pl\/wp-content\/uploads\/2022\/12\/received_1329599201115106.jpeg?ssl=1\"><img data-recalc-dims=\"1\" loading=\"lazy\" decoding=\"async\" class=\"alignnone size-medium wp-image-11172\" src=\"https:\/\/i0.wp.com\/przedszkole8.pl\/wp-content\/uploads\/2022\/12\/received_1329599201115106-300x226.jpeg?resize=300%2C226&#038;ssl=1\" alt=\"received_1329599201115106\" width=\"300\" height=\"226\" \/><\/a><\/p>\n","protected":false},"excerpt":{"rendered":"<p>W pi\u0105tek 16 grudnia zata\u0144czyli\u015bmy na przedszkolnej scenie na przegl\u0105dzie \u015bwi\u0105tecznego ta\u0144ca Tygodnia Artystycznego taniec Elf\u00f3w do piosenki &#8222;Elfy&#8221;. By\u0142 to taniec zespo\u0142owy dziewi\u0119cioosobowy. Dzieci w zespole \u0107wiczy\u0142y co dzie\u0144 inne. W pi\u0105tek dzieci by\u0142o 10. Fabian w ostatniej chwili do\u0142\u0105czy\u0142 do zespo\u0142u jako dziesi\u0105ty, co wprawi\u0142o nie tylko jego w zak\u0142opotanie. Takie niespodzianki te\u017c<\/p>\n","protected":false},"author":20,"featured_media":0,"comment_status":"closed","ping_status":"closed","sticky":false,"template":"","format":"standard","meta":{"jetpack_post_was_ever_published":false,"_jetpack_newsletter_access":"","_jetpack_dont_email_post_to_subs":false,"_jetpack_newsletter_tier_id":0,"_jetpack_memberships_contains_paywalled_content":false,"_jetpack_memberships_contains_paid_content":false,"footnotes":"","jetpack_publicize_message":"","jetpack_publicize_feature_enabled":true,"jetpack_social_post_already_shared":true,"jetpack_social_options":{"image_generator_settings":{"template":"highway","default_image_id":0,"font":"","enabled":false},"version":2}},"categories":[40],"tags":[],"class_list":["post-11169","post","type-post","status-publish","format-standard","hentry","category-gumisie-2022-2023"],"jetpack_publicize_connections":[],"jetpack_featured_media_url":"","jetpack_sharing_enabled":true,"jetpack_shortlink":"https:\/\/wp.me\/p7NQjT-2U9","jetpack-related-posts":[],"_links":{"self":[{"href":"https:\/\/przedszkole8.pl\/index.php?rest_route=\/wp\/v2\/posts\/11169","targetHints":{"allow":["GET"]}}],"collection":[{"href":"https:\/\/przedszkole8.pl\/index.php?rest_route=\/wp\/v2\/posts"}],"about":[{"href":"https:\/\/przedszkole8.pl\/index.php?rest_route=\/wp\/v2\/types\/post"}],"author":[{"embeddable":true,"href":"https:\/\/przedszkole8.pl\/index.php?rest_route=\/wp\/v2\/users\/20"}],"replies":[{"embeddable":true,"href":"https:\/\/przedszkole8.pl\/index.php?rest_route=%2Fwp%2Fv2%2Fcomments&post=11169"}],"version-history":[{"count":1,"href":"https:\/\/przedszkole8.pl\/index.php?rest_route=\/wp\/v2\/posts\/11169\/revisions"}],"predecessor-version":[{"id":11173,"href":"https:\/\/przedszkole8.pl\/index.php?rest_route=\/wp\/v2\/posts\/11169\/revisions\/11173"}],"wp:attachment":[{"href":"https:\/\/przedszkole8.pl\/index.php?rest_route=%2Fwp%2Fv2%2Fmedia&parent=11169"}],"wp:term":[{"taxonomy":"category","embeddable":true,"href":"https:\/\/przedszkole8.pl\/index.php?rest_route=%2Fwp%2Fv2%2Fcategories&post=11169"},{"taxonomy":"post_tag","embeddable":true,"href":"https:\/\/przedszkole8.pl\/index.php?rest_route=%2Fwp%2Fv2%2Ftags&post=11169"}],"curies":[{"name":"wp","href":"https:\/\/api.w.org\/{rel}","templated":true}]}}