{"id":11164,"date":"2022-12-16T16:57:49","date_gmt":"2022-12-16T16:57:49","guid":{"rendered":"http:\/\/przedszkole8.pl\/?p=11164"},"modified":"2022-12-16T16:57:49","modified_gmt":"2022-12-16T16:57:49","slug":"swiateczny-tydzien-artystyczny-teatrzyk-swiateczny","status":"publish","type":"post","link":"https:\/\/przedszkole8.pl\/?p=11164","title":{"rendered":"\u015awi\u0105teczny Tydzie\u0144 Artystyczny &#8211; teatrzyk \u015bwi\u0105teczny"},"content":{"rendered":"<p>W czwartek i czwarty dzie\u0144 \u015awi\u0105tecznego Tygodnia Artystycznego ogl\u0105dali\u015bmy w naszym przedszkolu przedstawienie pt. &#8222;Era Renifera&#8221;.<\/p>\n<p><a href=\"https:\/\/i0.wp.com\/przedszkole8.pl\/wp-content\/uploads\/2022\/12\/IMG_20221215_100053.jpg?ssl=1\"><img data-recalc-dims=\"1\" loading=\"lazy\" decoding=\"async\" class=\"alignnone size-medium wp-image-11165\" src=\"https:\/\/i0.wp.com\/przedszkole8.pl\/wp-content\/uploads\/2022\/12\/IMG_20221215_100053-300x169.jpg?resize=300%2C169&#038;ssl=1\" alt=\"img_20221215_100053\" width=\"300\" height=\"169\" \/><\/a><a href=\"https:\/\/i0.wp.com\/przedszkole8.pl\/wp-content\/uploads\/2022\/12\/IMG_20221215_101032.jpg?ssl=1\"><img data-recalc-dims=\"1\" loading=\"lazy\" decoding=\"async\" class=\"alignnone size-medium wp-image-11166\" src=\"https:\/\/i0.wp.com\/przedszkole8.pl\/wp-content\/uploads\/2022\/12\/IMG_20221215_101032-169x300.jpg?resize=169%2C300&#038;ssl=1\" alt=\"img_20221215_101032\" width=\"169\" height=\"300\" \/><\/a><a href=\"https:\/\/i0.wp.com\/przedszkole8.pl\/wp-content\/uploads\/2022\/12\/IMG_20221215_102253.jpg?ssl=1\"><img data-recalc-dims=\"1\" loading=\"lazy\" decoding=\"async\" class=\"alignnone size-medium wp-image-11167\" src=\"https:\/\/i0.wp.com\/przedszkole8.pl\/wp-content\/uploads\/2022\/12\/IMG_20221215_102253-300x169.jpg?resize=300%2C169&#038;ssl=1\" alt=\"img_20221215_102253\" width=\"300\" height=\"169\" \/><\/a><\/p>\n","protected":false},"excerpt":{"rendered":"<p>W czwartek i czwarty dzie\u0144 \u015awi\u0105tecznego Tygodnia Artystycznego ogl\u0105dali\u015bmy w naszym przedszkolu przedstawienie pt. &#8222;Era Renifera&#8221;.<\/p>\n","protected":false},"author":20,"featured_media":0,"comment_status":"closed","ping_status":"closed","sticky":false,"template":"","format":"standard","meta":{"jetpack_post_was_ever_published":false,"_jetpack_newsletter_access":"","_jetpack_dont_email_post_to_subs":false,"_jetpack_newsletter_tier_id":0,"_jetpack_memberships_contains_paywalled_content":false,"_jetpack_memberships_contains_paid_content":false,"footnotes":"","jetpack_publicize_message":"","jetpack_publicize_feature_enabled":true,"jetpack_social_post_already_shared":true,"jetpack_social_options":{"image_generator_settings":{"template":"highway","default_image_id":0,"font":"","enabled":false},"version":2}},"categories":[40],"tags":[],"class_list":["post-11164","post","type-post","status-publish","format-standard","hentry","category-gumisie-2022-2023"],"jetpack_publicize_connections":[],"jetpack_featured_media_url":"","jetpack_sharing_enabled":true,"jetpack_shortlink":"https:\/\/wp.me\/p7NQjT-2U4","jetpack-related-posts":[],"_links":{"self":[{"href":"https:\/\/przedszkole8.pl\/index.php?rest_route=\/wp\/v2\/posts\/11164","targetHints":{"allow":["GET"]}}],"collection":[{"href":"https:\/\/przedszkole8.pl\/index.php?rest_route=\/wp\/v2\/posts"}],"about":[{"href":"https:\/\/przedszkole8.pl\/index.php?rest_route=\/wp\/v2\/types\/post"}],"author":[{"embeddable":true,"href":"https:\/\/przedszkole8.pl\/index.php?rest_route=\/wp\/v2\/users\/20"}],"replies":[{"embeddable":true,"href":"https:\/\/przedszkole8.pl\/index.php?rest_route=%2Fwp%2Fv2%2Fcomments&post=11164"}],"version-history":[{"count":1,"href":"https:\/\/przedszkole8.pl\/index.php?rest_route=\/wp\/v2\/posts\/11164\/revisions"}],"predecessor-version":[{"id":11168,"href":"https:\/\/przedszkole8.pl\/index.php?rest_route=\/wp\/v2\/posts\/11164\/revisions\/11168"}],"wp:attachment":[{"href":"https:\/\/przedszkole8.pl\/index.php?rest_route=%2Fwp%2Fv2%2Fmedia&parent=11164"}],"wp:term":[{"taxonomy":"category","embeddable":true,"href":"https:\/\/przedszkole8.pl\/index.php?rest_route=%2Fwp%2Fv2%2Fcategories&post=11164"},{"taxonomy":"post_tag","embeddable":true,"href":"https:\/\/przedszkole8.pl\/index.php?rest_route=%2Fwp%2Fv2%2Ftags&post=11164"}],"curies":[{"name":"wp","href":"https:\/\/api.w.org\/{rel}","templated":true}]}}