{"id":11162,"date":"2022-12-16T16:50:50","date_gmt":"2022-12-16T16:50:50","guid":{"rendered":"http:\/\/przedszkole8.pl\/?p=11162"},"modified":"2022-12-16T16:50:50","modified_gmt":"2022-12-16T16:50:50","slug":"swiateczny-tydzien-artystyczny-przeglad-koled-i-pastoralek","status":"publish","type":"post","link":"https:\/\/przedszkole8.pl\/?p=11162","title":{"rendered":"\u015awi\u0105teczny Tydzie\u0144 Artystyczny &#8211; przegl\u0105d kol\u0119d i pastora\u0142ek"},"content":{"rendered":"<p>W \u015brod\u0119 14 grudnia nasza grupa zaprezentowa\u0142a \u015bpiew pastora\u0142ki pt. &#8222;Hej\u017ce! Ha!&#8221; na przegl\u0105dzie kol\u0119d i pastora\u0142ek \u015awi\u0105tecznego Tygodnia Artystycznego. Tak oto brzmia\u0142a weso\u0142a nowina!<\/p>\n<div style=\"width: 550px;\" class=\"wp-video\"><!--[if lt IE 9]><script>document.createElement('video');<\/script><![endif]-->\n<video class=\"wp-video-shortcode\" id=\"video-11162-1\" width=\"550\" height=\"550\" preload=\"metadata\" controls=\"controls\"><source type=\"video\/mp4\" src=\"https:\/\/przedszkole8.pl\/wp-content\/uploads\/2022\/12\/received_471607391580232.mp4?_=1\" \/><a href=\"https:\/\/przedszkole8.pl\/wp-content\/uploads\/2022\/12\/received_471607391580232.mp4\">https:\/\/przedszkole8.pl\/wp-content\/uploads\/2022\/12\/received_471607391580232.mp4<\/a><\/video><\/div>\n","protected":false},"excerpt":{"rendered":"<p>W \u015brod\u0119 14 grudnia nasza grupa zaprezentowa\u0142a \u015bpiew pastora\u0142ki pt. &#8222;Hej\u017ce! Ha!&#8221; na przegl\u0105dzie kol\u0119d i pastora\u0142ek \u015awi\u0105tecznego Tygodnia Artystycznego. Tak oto brzmia\u0142a weso\u0142a nowina!<\/p>\n","protected":false},"author":20,"featured_media":0,"comment_status":"closed","ping_status":"closed","sticky":false,"template":"","format":"standard","meta":{"jetpack_post_was_ever_published":false,"_jetpack_newsletter_access":"","_jetpack_dont_email_post_to_subs":false,"_jetpack_newsletter_tier_id":0,"_jetpack_memberships_contains_paywalled_content":false,"_jetpack_memberships_contains_paid_content":false,"footnotes":"","jetpack_publicize_message":"","jetpack_publicize_feature_enabled":true,"jetpack_social_post_already_shared":true,"jetpack_social_options":{"image_generator_settings":{"template":"highway","default_image_id":0,"font":"","enabled":false},"version":2}},"categories":[40],"tags":[],"class_list":["post-11162","post","type-post","status-publish","format-standard","hentry","category-gumisie-2022-2023"],"jetpack_publicize_connections":[],"jetpack_featured_media_url":"","jetpack_sharing_enabled":true,"jetpack_shortlink":"https:\/\/wp.me\/p7NQjT-2U2","jetpack-related-posts":[],"_links":{"self":[{"href":"https:\/\/przedszkole8.pl\/index.php?rest_route=\/wp\/v2\/posts\/11162","targetHints":{"allow":["GET"]}}],"collection":[{"href":"https:\/\/przedszkole8.pl\/index.php?rest_route=\/wp\/v2\/posts"}],"about":[{"href":"https:\/\/przedszkole8.pl\/index.php?rest_route=\/wp\/v2\/types\/post"}],"author":[{"embeddable":true,"href":"https:\/\/przedszkole8.pl\/index.php?rest_route=\/wp\/v2\/users\/20"}],"replies":[{"embeddable":true,"href":"https:\/\/przedszkole8.pl\/index.php?rest_route=%2Fwp%2Fv2%2Fcomments&post=11162"}],"version-history":[{"count":1,"href":"https:\/\/przedszkole8.pl\/index.php?rest_route=\/wp\/v2\/posts\/11162\/revisions"}],"predecessor-version":[{"id":11163,"href":"https:\/\/przedszkole8.pl\/index.php?rest_route=\/wp\/v2\/posts\/11162\/revisions\/11163"}],"wp:attachment":[{"href":"https:\/\/przedszkole8.pl\/index.php?rest_route=%2Fwp%2Fv2%2Fmedia&parent=11162"}],"wp:term":[{"taxonomy":"category","embeddable":true,"href":"https:\/\/przedszkole8.pl\/index.php?rest_route=%2Fwp%2Fv2%2Fcategories&post=11162"},{"taxonomy":"post_tag","embeddable":true,"href":"https:\/\/przedszkole8.pl\/index.php?rest_route=%2Fwp%2Fv2%2Ftags&post=11162"}],"curies":[{"name":"wp","href":"https:\/\/api.w.org\/{rel}","templated":true}]}}